{"id":134735,"date":"2026-03-21T16:59:11","date_gmt":"2026-03-21T16:59:11","guid":{"rendered":"https:\/\/www.europesays.com\/ee\/134735\/"},"modified":"2026-03-21T16:59:11","modified_gmt":"2026-03-21T16:59:11","slug":"heinata-werder-kerkis-tabelis-korgemale-punane-latern-osutus-leverkusenile-kovaks-pahkliks-bayern-tagasi-voidulainel-soccernet-ee","status":"publish","type":"post","link":"https:\/\/www.europesays.com\/ee\/134735\/","title":{"rendered":"Heinata Werder kerkis tabelis k\u00f5rgemale, punane latern osutus Leverkusenile k\u00f5vaks p\u00e4hkliks (Bayern tagasi v\u00f5idulainel!) &#8211; Soccernet.ee"},"content":{"rendered":"<p><img decoding=\"async\" src=\"https:\/\/www.europesays.com\/ee\/wp-content\/uploads\/2026\/03\/1774110445.jpg\" alt=\"Justin Njinmah tagas Werderile t\u00e4htsa v\u00f5idu. Foto: Scanpix \/ Franziska Gora \/ IMAGO\"\/>&#13;\n<\/p>\n<p>T\u00e4navu Karl Jakob Heina koduks olev Bremeni Werder kirjutas Bundesliga tabelisse kolm v\u00e4\u00e4rtuslikku punkti.\u00a0Samal ajal j\u00e4i Berliini Union M\u00fcncheni Bayerni vastu v\u00f5\u00f5rsil j\u00f5uetuks ning alistus 0:4.<\/p>\n<p>Varem sel hooajal \u00f5nnestus Unionil Bayerni vastu napsata punkt, kui novembris j\u00e4\u00e4di pealinnas 2:2 viiki. Detsembrikuises karikam\u00e4ngus pidid Vincent Kompany hoolealused k\u00f5vasti vaeva n\u00e4gema, et edeneda \u2014 l\u00f5puks saadi 3:2 v\u00f5it. Seekord oli j\u00e4llen\u00e4gemine \u00fchepoolsem.&#13;\n<\/p>\n<p>Kodumeeskond Bayern haaras juhtohjad 43. minutil, kui t\u00e4pne oli Michael Olise. Enne riietusruumi suundumist suurendas Serge Gnabry eduseisu kahev\u00e4ravaliseks ja sealt naastes l\u00f5i liiga suurim v\u00e4ravak\u00fctt Harry Kane v\u00f5\u00f5rustajate kolmanda. I-le pani t\u00e4pi 67. minutil Gnabry. N\u00e4dala eest Leverkuseniga viiki m\u00e4nginud liider Bayern on tagasi v\u00f5idulainel ning \u00fche m\u00e4ngu v\u00e4hem pidanud Dortmundi Borussiat hoitakse 12-punktilise vahega enda selja taga.&#13;\n<\/p>\n<p>Karistusala joone l\u00e4histelt palli vasakusse alla nurka pannud Justin Njinmah osutus Bremeni Werderi kangelaseks, kui kodust eemal alistati 1:0 Wolfsburg. Hooaja seitsmenda v\u00f5idu ja 28 punkti toel kerkiti 13. kohale, ehkki alles hiljuti flirditi ohutsooniga.&#13;\n<\/p>\n<p>Eesti meeste koondise esiv\u00e4ravavahi Karl Jakob Heina, kes on Arsenalist Werderis laenul, hooaeg on selleks korraks l\u00f5ppenud. T\u00e4navu vaid kaks korda v\u00e4ljakul k\u00e4inud kindamees on Bremeni klubi eest olnud teine number ja j\u00e4lginud m\u00e4nge pingilt. Klubi kinnitas m\u00e4ngu eel Eesti koondise peatreeneri <a href=\"https:\/\/soccernet.ee\/artikkel\/karl-jakob-heina-hooaeg-voib-poidlavigastuse-tottu-labi-olla\" target=\"_blank\" rel=\"nofollow noopener\">J\u00fcrgen Henni juttu<\/a>, et Hein vigastas treeningul p\u00f6ialt ja see t\u00f5i kaasa luulise vigastuse, mis vajab omakorda operatsiooni. Hein naaseb uuel n\u00e4dalal Londonisse.<\/p>\n<blockquote class=\"bluesky-embed\" data-bluesky-uri=\"at:\/\/did:plc:3rz2bvq5dxg73urnnqf7se2n\/app.bsky.feed.post\/3mhl4symrbr2s\" data-bluesky-cid=\"bafyreigd7qlsvru34eus63eahaua7wk6vwpmt46cxzs2bgtxd5k6iys35q\" data-bluesky-embed-color-mode=\"system\"><p>&#13;<\/p>\n<p lang=\"en\">Karl Hein has been ruled out for the rest of the season with a thumb injury \u274c   The 23-year-old suffered a serious hand injury in team training on Thursday. He will undergo surgery in London next week and will also begin his rehabilitation there.  Get well soon, Karl! \ud83d\udc90   #werder<\/p>\n<p><a href=\"https:\/\/bsky.app\/profile\/did:plc:3rz2bvq5dxg73urnnqf7se2n\/post\/3mhl4symrbr2s?ref_src=embed\" rel=\"nofollow noopener\" target=\"_blank\">[image or embed]<\/a>&#13;<br \/>\n\u2014 SV Werder Bremen EN (<a href=\"https:\/\/bsky.app\/profile\/did:plc:3rz2bvq5dxg73urnnqf7se2n?ref_src=embed\" rel=\"nofollow noopener\" target=\"_blank\">@en.werder.de<\/a>) <a href=\"https:\/\/bsky.app\/profile\/did:plc:3rz2bvq5dxg73urnnqf7se2n\/post\/3mhl4symrbr2s?ref_src=embed\" rel=\"nofollow noopener\" target=\"_blank\">March 21, 2026 at 3:22 PM<\/a><\/p>\n<\/blockquote>\n<p>Tunamullune meister Leverkuseni Bayer, kes puksiti hiljuti v\u00e4lja\u00a0Meistrite liigast, j\u00e4i v\u00f5\u00f5rsil h\u00e4tta punase laterna Heidenheimi seljatamisega, leppides 3:3 viiki. Lisaks k\u00f5igele j\u00e4\u00e4b Leverkusen esiviisikust maha nelja punktiga. K\u00f6ln, kes heitleb St. Pauli ja Werderiga p\u00fcsimaj\u00e4\u00e4mise nimel, tegi kodurahva ees 3:3 viigi\u00a0M\u00f6nchengladbachi Borussiaga. Edumaa St. Pauli ees on K\u00f6lnil kaks, mahaj\u00e4\u00e4mus Werderile kaks punkti.&#13;<\/p>\n","protected":false},"excerpt":{"rendered":"&#13; T\u00e4navu Karl Jakob Heina koduks olev Bremeni Werder kirjutas Bundesliga tabelisse kolm v\u00e4\u00e4rtuslikku punkti.\u00a0Samal ajal j\u00e4i Berliini&hellip;\n","protected":false},"author":2,"featured_media":134736,"comment_status":"","ping_status":"","sticky":false,"template":"","format":"standard","meta":{"footnotes":"","_share_on_mastodon":"0"},"categories":[18],"tags":[525,526,527,37,33,35,34,36,531,532,536,1159,1709,1711,538,51,159,158,6567,539,1712],"class_list":["post-134735","post","type-post","status-publish","format-standard","has-post-thumbnail","category-sport","tag-bayern","tag-bremeni-werder","tag-bundesliga","tag-ee","tag-eesti","tag-eesti-keel","tag-estonia","tag-estonian","tag-heidenheim","tag-hein","tag-karl-jakob-hein","tag-koln","tag-leverkusen","tag-monchengladbach","tag-muncheni-bayern","tag-saksamaa","tag-sport","tag-sports","tag-union","tag-werder","tag-wolfsburg"],"share_on_mastodon":{"url":"https:\/\/pubeurope.com\/@ee\/116268234385841874","error":""},"_links":{"self":[{"href":"https:\/\/www.europesays.com\/ee\/wp-json\/wp\/v2\/posts\/134735","targetHints":{"allow":["GET"]}}],"collection":[{"href":"https:\/\/www.europesays.com\/ee\/wp-json\/wp\/v2\/posts"}],"about":[{"href":"https:\/\/www.europesays.com\/ee\/wp-json\/wp\/v2\/types\/post"}],"author":[{"embeddable":true,"href":"https:\/\/www.europesays.com\/ee\/wp-json\/wp\/v2\/users\/2"}],"replies":[{"embeddable":true,"href":"https:\/\/www.europesays.com\/ee\/wp-json\/wp\/v2\/comments?post=134735"}],"version-history":[{"count":0,"href":"https:\/\/www.europesays.com\/ee\/wp-json\/wp\/v2\/posts\/134735\/revisions"}],"wp:featuredmedia":[{"embeddable":true,"href":"https:\/\/www.europesays.com\/ee\/wp-json\/wp\/v2\/media\/134736"}],"wp:attachment":[{"href":"https:\/\/www.europesays.com\/ee\/wp-json\/wp\/v2\/media?parent=134735"}],"wp:term":[{"taxonomy":"category","embeddable":true,"href":"https:\/\/www.europesays.com\/ee\/wp-json\/wp\/v2\/categories?post=134735"},{"taxonomy":"post_tag","embeddable":true,"href":"https:\/\/www.europesays.com\/ee\/wp-json\/wp\/v2\/tags?post=134735"}],"curies":[{"name":"wp","href":"https:\/\/api.w.org\/{rel}","templated":true}]}}