{"id":134828,"date":"2026-03-21T19:02:11","date_gmt":"2026-03-21T19:02:11","guid":{"rendered":"https:\/\/www.europesays.com\/ee\/134828\/"},"modified":"2026-03-21T19:02:11","modified_gmt":"2026-03-21T19:02:11","slug":"eric-perrot-kindlustas-maailmakarika-tiitli-soome-sportlastel-on-raskusi","status":"publish","type":"post","link":"https:\/\/www.europesays.com\/ee\/134828\/","title":{"rendered":"Eric Perrot kindlustas maailmakarika tiitli \u2013 Soome sportlastel on raskusi"},"content":{"rendered":"<p>Meeste laskesuusatamise maailmakarika \u00fcldv\u00f5it otsustati reedel, kui prantslane Eric Perrot kindlustas karikav\u00f5istluste tiitli Oslo Holmenkollenis toimunud sprindis\u00f5idus kolmanda kohaga. Soome jaoks ei l\u00e4inud hooaja viimane sprint h\u00e4sti, Tero Sepp\u00e4l\u00e4 l\u00f5petas parimana 28. kohal.<\/p>\n<p>Reedel toimunud sprindiv\u00f5istluse v\u00f5itis norralane Sturla Holm L\u00e6greid, kes edestas prantslast Emilien Jacquelini 3.9 sekundi ja Perrot&#8217;d 4.6 sekundi v\u00f5rra. M\u00f5lemad said \u00fche karistuse. Sprindikarikav\u00f5istlused olid \u00e4\u00e4rmiselt tasav\u00e4gised, kuna L\u00e6greid ja rootslane Sebastian Samuelsson l\u00f5petasid punktiarvestuses viigis. L\u00e6greid v\u00f5itis karikav\u00f5istlused p\u00e4rast kahe v\u00f5istluse v\u00f5itu, samas kui Samuelssonil \u00f5nnestus v\u00f5ita vaid \u00fcks v\u00f5istlus.<\/p>\n<p>Laup\u00e4evasele j\u00e4lituss\u00f5idule kvalifitseerusid Sepp\u00e4l\u00e4 k\u00f5rval Tuomas Harjula (sprindis 41.) ja Arttu Heikkinen (42.). J\u00e4lituss\u00f5idust langesid v\u00e4lja Olli Hiidensalo (79.) ja Otto Invenius (84.).<\/p>\n<p>Tero Sepp\u00e4l\u00e4 sai lamades olles kaks karistusl\u00f6\u00f6ki, kuid p\u00fcstiasendist lasi ta puhtalt, j\u00e4\u00e4des v\u00f5itjast maha 1 minuti ja 48 sekundiga.<\/p>\n<p class=\"gt-block\">\u201eSee polnud just eriti hea p\u00e4ev. P\u00fcstilaskmine oli p\u00e4eva k\u00f5ige positiivsem aspekt. P\u00fc\u00fcdsin rajal endast maksimumi v\u00f5tta, aga vahed olid m\u00e4rkimisv\u00e4\u00e4rsed. Meie suusad polnud t\u00e4na heal tasemel. Kaks karistuspunkti lamadeslaskmises on masendavad, kuna need v\u00f5tsid mult v\u00f5imaluse paremale kohale.\u201c Sepp\u00e4l\u00e4 kahetses.<\/p>\n<p>Tuomas Harjula l\u00f5petas sprindiv\u00f5istluse 41. kohal, lastes lamades \u00fche karistusl\u00f6\u00f6gi ja sooritades p\u00fcstilaskmise puhtalt. Ta l\u00f5petas v\u00f5itjast 2 minutit ja 7 sekundit maas.<\/p>\n<p class=\"gt-block\">\u201eTundsin end h\u00e4sti, aga kell ei k\u00f5lanud. Tulemus on mitterahuldav,\u201c Harjula v\u00f5ttis kokku.<\/p>\n<p>Arttu Heikkinen kindlustas endale koha j\u00e4lituss\u00f5idus kolmanda Soome mehena, l\u00f5petades sprindis 42. kohal. Ta lasi lamades puhtalt, kuid sai p\u00fcstiasendist \u00fche karistuse, j\u00e4\u00e4des v\u00f5itjast 2 minutit ja 8 sekundit maha.<\/p>\n<p class=\"gt-block\">\u201eTingimused olid t\u00e4na \u00fcsna keerulised, suusatamine l\u00f6rtsis. Laskmine oli korralik. Minu suusatunnetus polnud just eriti hea, aga see oli umbes see, mida ma selle aastaaja olude arvestades ootasin. L\u00e4heme homme v\u00f5itlema,\u201c Heikkinen teatas.<\/p>\n<p>Olli Hiidensalo saavutas v\u00f5istlusel 79. koha. Ta lasi kolm karistusl\u00f6\u00f6ki lamades ja \u00fche p\u00fcstiasendist, j\u00e4\u00e4des v\u00f5itjast maha 3 minutit ja 13 sekundit.<\/p>\n<p class=\"gt-block\">\u201eLamades laskmine oli kehv, seda ei saa eitada. Alati, kui ma m\u00f6\u00f6da lasen, on see minu enda viga. T\u00e4na ei p\u00f5hjustanud olud \u00fchtegi viga ja ma ei tea m\u00f6\u00f6dalaskmiste p\u00f5hjust. P\u00fc\u00fcdsin p\u00e4rast pingutada, aga mu v\u00f5itlusvaim j\u00e4i lamades mati taha. Rahvusvaheline hooaeg on selle v\u00f5istlusega l\u00e4bi,\u201c Hiidensalo teatas.<\/p>\n<p class=\"gt-block\">\u201eOl\u00fcmpiam\u00e4ngudel saavutatud neljas koht paistab hooajast k\u00f5ige enam silma. See oli uskumatult raske. See oli parim Soome tulemus kahek\u00fcmne aasta jooksul, kuni Suvi seda astme v\u00f5rra parandas. Sellegipoolest on see meeste parim tulemus pikka aega. Olen suutnud kogu hooaja jooksul h\u00e4sti esineda. Kuigi j\u00e4in m\u00f5nest v\u00f5istlusest ilma, olen \u00fcldarvestuses umbes kolmek\u00fcmnendal kohal. \u00dcldiselt on hooaeg olnud korralik,\u201c\u201c l\u00f5petas ta.<\/p>\n<p>Otto Invenius l\u00f5petas 84. kohal. Ta lasi \u00fche karistusl\u00f6\u00f6gi lamades ja kaks seisuasendist, j\u00e4\u00e4des v\u00f5itjast 3 minutit ja 24 sekundit maha. \u2013 See oli keeruline v\u00f5istlus. K\u00f5ik tundus valesti. Ma pole p\u00e4rast haigust suutnud vormi tagasi saada, kurtis Invenius.<\/p>\n<p>\u201eHooaja positiivsete k\u00fclgede hulka kuulub ka ol\u00fcmpiam\u00e4ngud. Olin enne v\u00f5istlusi ja nende ajal terve. Heas vormis olemine on nauditav. Tervis on k\u00f5ige t\u00e4htsam ja sel aastal pole see just k\u00f5ige parem olnud,\u201c jagas ta.<\/p>\n<p>Meeste ja naiste j\u00e4lituss\u00f5idud toimuvad laup\u00e4eval Holmenkollenis.<\/p>\n<p class=\"gt-block\">Loe v\u00f5istluse tulemusi <a href=\"https:\/\/www.biathlonworld.com\/results\/BT2526SWRLCP09SMSP\" rel=\"nofollow noopener\" target=\"_blank\">siin.<\/a><\/p>\n<p class=\"gt-block\">Tekst: STT Urheilu\/Matilda Suhonen\/Teemu Virtanen<\/p>\n","protected":false},"excerpt":{"rendered":"Meeste laskesuusatamise maailmakarika \u00fcldv\u00f5it otsustati reedel, kui prantslane Eric Perrot kindlustas karikav\u00f5istluste tiitli Oslo Holmenkollenis toimunud sprindis\u00f5idus kolmanda&hellip;\n","protected":false},"author":2,"featured_media":134829,"comment_status":"","ping_status":"","sticky":false,"template":"","format":"standard","meta":{"footnotes":"","_share_on_mastodon":"0"},"categories":[18],"tags":[37,33,35,34,36,2998,45432,159,158,35585],"class_list":["post-134828","post","type-post","status-publish","format-standard","has-post-thumbnail","category-sport","tag-ee","tag-eesti","tag-eesti-keel","tag-estonia","tag-estonian","tag-laskesuusatamine","tag-perrot","tag-sport","tag-sports","tag-world-cup"],"share_on_mastodon":{"url":"https:\/\/pubeurope.com\/@ee\/116268717981355501","error":""},"_links":{"self":[{"href":"https:\/\/www.europesays.com\/ee\/wp-json\/wp\/v2\/posts\/134828","targetHints":{"allow":["GET"]}}],"collection":[{"href":"https:\/\/www.europesays.com\/ee\/wp-json\/wp\/v2\/posts"}],"about":[{"href":"https:\/\/www.europesays.com\/ee\/wp-json\/wp\/v2\/types\/post"}],"author":[{"embeddable":true,"href":"https:\/\/www.europesays.com\/ee\/wp-json\/wp\/v2\/users\/2"}],"replies":[{"embeddable":true,"href":"https:\/\/www.europesays.com\/ee\/wp-json\/wp\/v2\/comments?post=134828"}],"version-history":[{"count":0,"href":"https:\/\/www.europesays.com\/ee\/wp-json\/wp\/v2\/posts\/134828\/revisions"}],"wp:featuredmedia":[{"embeddable":true,"href":"https:\/\/www.europesays.com\/ee\/wp-json\/wp\/v2\/media\/134829"}],"wp:attachment":[{"href":"https:\/\/www.europesays.com\/ee\/wp-json\/wp\/v2\/media?parent=134828"}],"wp:term":[{"taxonomy":"category","embeddable":true,"href":"https:\/\/www.europesays.com\/ee\/wp-json\/wp\/v2\/categories?post=134828"},{"taxonomy":"post_tag","embeddable":true,"href":"https:\/\/www.europesays.com\/ee\/wp-json\/wp\/v2\/tags?post=134828"}],"curies":[{"name":"wp","href":"https:\/\/api.w.org\/{rel}","templated":true}]}}