{"id":134975,"date":"2026-03-22T02:24:10","date_gmt":"2026-03-22T02:24:10","guid":{"rendered":"https:\/\/www.europesays.com\/ee\/134975\/"},"modified":"2026-03-22T02:24:10","modified_gmt":"2026-03-22T02:24:10","slug":"rootsi-domineerib-lake-placidi-naiste-sprindis","status":"publish","type":"post","link":"https:\/\/www.europesays.com\/ee\/134975\/","title":{"rendered":"Rootsi domineerib Lake Placidi naiste sprindis"},"content":{"rendered":"<p>Murdmaasuusatamise maailmakarika hooaeg 2025\/2026 j\u00e4tkus t\u00e4na Lake Placidis, USAs, vabastiilis sprindiv\u00f5istlusega. Siin on naiste tulemused.<\/p>\n<p>Linn Svahn (Rootsi) n\u00e4itas naiste vabaujumise sprindis kindlat esitust, v\u00f5ites Lake Placidi maailmakarika etapi \u2013 \u00fcrituse t\u00e4ielikud tulemused.<\/p>\n<p>V\u00f5idu kindlustas tasav\u00e4gises finaalis rootslanna Linn Svahn ajaga 3.50,65.<\/p>\n<p>Teisena l\u00f5petas samuti rootslanna Jonna Sundling, j\u00e4\u00e4des temast 0.46 sekundit maha, ning kolmandana l\u00f5petas rootslanna Maja Dahlqvist, j\u00e4\u00e4des temast 1.54 sekundit maha.<\/p>\n<p>Naiste 6 parimat, sprintvabastiil<\/p>\n<ol start=\"1\" class=\"wp-block-list\">\n<li>Linn Svahn (Rootsi), 2:52.58<\/li>\n<li>Jonna Sundling (Rootsi), +0.46<\/li>\n<li>Maja Dahlqvist (Rootsi), +1.54<\/li>\n<li>Nadine F\u00e4hndrich (SUI), +2.47<\/li>\n<li>Johanna Hagstr\u00f6m (SWE), +5.03<\/li>\n<li>Coletta Rydzek (Saksamaa), +16.63<\/li>\n<\/ol>\n<p class=\"gt-block\">T\u00e4ielikud tulemused leiate <a href=\"https:\/\/www.proxcskiing.com\/et\/s%C3%BCndmus\/fis-wc-Lake-Placid-sprint-f\/\" rel=\"nofollow noopener\" target=\"_blank\">SIIN<\/a><\/p>\n<p>FAKTID Lake Placidi maailmameistriv\u00f5istluste hooaeg 2025\/2026<\/p>\n<p class=\"gt-block\">PROGRAMM<\/p>\n<p class=\"gt-block\">Reede, 20. m\u00e4rts: 10 km intervallstardist klassikaline distants (lisateavet leiate aadressilt <a href=\"https:\/\/www.proxcskiing.com\/et\/s%C3%BCndmus\/fis-wc-Lake-Placid-10-km-c\/\" target=\"_blank\" rel=\"noreferrer noopener nofollow\">SIIN<\/a>)<\/p>\n<ul class=\"wp-block-list\">\n<li>18:00 CET: 10 km intervallstardist klassikalised distantsid, naised<\/li>\n<li>20:00 CET: 10 km intervallstardist klassikalised distantsid, mehed<\/li>\n<\/ul>\n<p class=\"gt-block\">Laup\u00e4ev, 21. m\u00e4rts: Sprint Freestyle (Lisateavet leiate aadressilt <a href=\"https:\/\/www.proxcskiing.com\/et\/s%C3%BCndmus\/fis-wc-Lake-Placid-sprint-f\/\" target=\"_blank\" rel=\"noreferrer noopener nofollow\">SIIN<\/a>)<\/p>\n<ul class=\"wp-block-list\">\n<li>15:30 CET: Sprindi kvalifikatsioon vabaujumises, naised<\/li>\n<li>16:05 CET: Sprindi kvalifikatsioon vabaujumises, mehed<\/li>\n<li>18:00 CET: Naiste vabaujumise finaal<\/li>\n<li>18:30 CET: Meeste vabaujumise finaal<\/li>\n<\/ul>\n<p class=\"gt-block\">P\u00fchap\u00e4ev, 22. m\u00e4rts: 20 km \u00fchisstardiga vabaujumine (lisateavet leiate aadressilt <a href=\"https:\/\/www.proxcskiing.com\/et\/s%C3%BCndmus\/fini%C5%A1-MM-Lake-Placidis-20-km-%C3%BChisstardist-vaba\/\" target=\"_blank\" rel=\"noreferrer noopener nofollow\">SIIN<\/a>)<\/p>\n<ul class=\"wp-block-list\">\n<li>17:30 CET: 20 km \u00fchisstardist vabaujumine, mehed<\/li>\n<li>19:30 CET: 20 km \u00fchisstardist vabaujumine, naised<\/li>\n<\/ul>\n<p class=\"gt-block\">Loe edasi:\u00a0<a href=\"https:\/\/www.proxcskiing.com\/et\/traditsiooniline-suusatamine\/Murdmaasuusatamise-maailmameistriv%C3%B5istluste-kalender-2025.-ja-2026.-aasta-talvehooajaks\/\" target=\"_blank\" rel=\"noreferrer noopener nofollow\">Murdmaasuusatamise maailmameistriv\u00f5istlused: 2025\/2026 talvehooaja kalender<\/a><\/p>\n<p class=\"gt-block\">Lisateavet murdmaasuusatamise maailmameistriv\u00f5istluste kohta leiate\u00a0<a href=\"https:\/\/www.fis-ski.com\/cross-country\" target=\"_blank\" rel=\"noreferrer noopener nofollow\">SIIN<\/a><\/p>\n<p class=\"gt-block\">Kas olete huvitatud traditsioonilisest murdmaasuusatamisest? Kl\u00f5psake siin\u00a0<a href=\"https:\/\/www.proxcskiing.com\/et\/kategooria\/traditsiooniline-suusatamine\/\" target=\"_blank\" rel=\"noreferrer noopener nofollow\">SIIN<\/a>\u00a0ja loe selle kohta l\u00e4hemalt.<\/p>\n<p>ProXCskiing.com liikmena saate t\u00e4ieliku juurdep\u00e4\u00e4su kogu saidi sisule. Samuti otse\u00fclekanded Ski Classics \u00fcritused on saadaval ingliskeelsete kommentaaridega.<\/p>\n<p>Kui sinust saab osa \u00fchest maailma juhtivast murdmaasuusatamise kogukonnast, saad aastaringselt palju eksklusiivseid pakkumisi.<\/p>\n<p><a href=\"https:\/\/proxcskiing.com\/profile\/\" target=\"_blank\" rel=\"noreferrer noopener nofollow\"><img loading=\"lazy\" decoding=\"async\" width=\"1024\" height=\"313\" src=\"https:\/\/www.europesays.com\/ee\/wp-content\/uploads\/2026\/03\/Pro-XC-Skiing_WinterBanner_2024_980x300_EN-1024x313.png\" alt=\"Banner 2024\" class=\"wp-image-77122\"  \/><\/a><\/p>\n<p class=\"gt-block has-text-align-center\"><a href=\"https:\/\/proxcskiing.com\/profile\/\" target=\"_blank\" rel=\"noreferrer noopener nofollow\"><a href=\"https:\/\/proxcskiing.com\/profile\/\" target=\"_blank\" rel=\"noreferrer noopener nofollow\">REGISTREERU SIIN LIIKMEKS<\/a><\/p>\n","protected":false},"excerpt":{"rendered":"Murdmaasuusatamise maailmakarika hooaeg 2025\/2026 j\u00e4tkus t\u00e4na Lake Placidis, USAs, vabastiilis sprindiv\u00f5istlusega. Siin on naiste tulemused. Linn Svahn (Rootsi)&hellip;\n","protected":false},"author":2,"featured_media":134976,"comment_status":"","ping_status":"","sticky":false,"template":"","format":"standard","meta":{"footnotes":"","_share_on_mastodon":"0"},"categories":[5],"tags":[26,27,37,33,35,34,36,31,32,21,34532,28,29,19,25,35584,889,12915,23,24,22,20,30],"class_list":["post-134975","post","type-post","status-publish","format-standard","has-post-thumbnail","category-uldised-uudised","tag-breaking-news","tag-breakingnews","tag-ee","tag-eesti","tag-eesti-keel","tag-estonia","tag-estonian","tag-featured-news","tag-featurednews","tag-headlines","tag-lake-placid","tag-latest-news","tag-latestnews","tag-news","tag-populaarseimad-lood","tag-proxcskimine","tag-rootsi","tag-sprint","tag-top-stories","tag-topstories","tag-uldised-uudised","tag-uudised","tag-viimased-uudised"],"share_on_mastodon":{"url":"https:\/\/pubeurope.com\/@ee\/116270456023190293","error":""},"_links":{"self":[{"href":"https:\/\/www.europesays.com\/ee\/wp-json\/wp\/v2\/posts\/134975","targetHints":{"allow":["GET"]}}],"collection":[{"href":"https:\/\/www.europesays.com\/ee\/wp-json\/wp\/v2\/posts"}],"about":[{"href":"https:\/\/www.europesays.com\/ee\/wp-json\/wp\/v2\/types\/post"}],"author":[{"embeddable":true,"href":"https:\/\/www.europesays.com\/ee\/wp-json\/wp\/v2\/users\/2"}],"replies":[{"embeddable":true,"href":"https:\/\/www.europesays.com\/ee\/wp-json\/wp\/v2\/comments?post=134975"}],"version-history":[{"count":0,"href":"https:\/\/www.europesays.com\/ee\/wp-json\/wp\/v2\/posts\/134975\/revisions"}],"wp:featuredmedia":[{"embeddable":true,"href":"https:\/\/www.europesays.com\/ee\/wp-json\/wp\/v2\/media\/134976"}],"wp:attachment":[{"href":"https:\/\/www.europesays.com\/ee\/wp-json\/wp\/v2\/media?parent=134975"}],"wp:term":[{"taxonomy":"category","embeddable":true,"href":"https:\/\/www.europesays.com\/ee\/wp-json\/wp\/v2\/categories?post=134975"},{"taxonomy":"post_tag","embeddable":true,"href":"https:\/\/www.europesays.com\/ee\/wp-json\/wp\/v2\/tags?post=134975"}],"curies":[{"name":"wp","href":"https:\/\/api.w.org\/{rel}","templated":true}]}}