{"id":135118,"date":"2026-03-22T08:36:07","date_gmt":"2026-03-22T08:36:07","guid":{"rendered":"https:\/\/www.europesays.com\/ee\/135118\/"},"modified":"2026-03-22T08:36:07","modified_gmt":"2026-03-22T08:36:07","slug":"ingrid-neel-alustas-miamis-raske-voiduga-tennis","status":"publish","type":"post","link":"https:\/\/www.europesays.com\/ee\/135118\/","title":{"rendered":"Ingrid Neel alustas Miamis raske v\u00f5iduga | Tennis"},"content":{"rendered":"<p>Eesti tennisist Ingrid Neel alustas edukalt Miamis toimuvat k\u00f5rgetasemelist WTA paarism\u00e4nguturniiri.<\/p>\n<p>Kaitstud reitinguga p\u00f5hitabelisse p\u00e4\u00e4senud Neel ja tema Indoneesia partner Aldila Sutjiadi alistasid esimeses ringis ameeriklannad Hailey Baptiste&#8217;i ja Peyton Stearnsi 6:2, 6:7 (4:7), 10:6.<\/p>\n<p>Kui esimese seti v\u00f5itsid Neel ja Sutjiadi \u00fcsna kindlalt, siis teine m\u00f6\u00f6dus tasav\u00e4giselt. Seisul 4:5 olid vastastel siiski kaks sett-palli, mis suudeti aga t\u00f5rjuda.<\/p>\n<p>Sett kulges kiiresse l\u00f5ppm\u00e4ngu ja seal olid Neel &#8211; Sutjiadi 3:1 juhtimas, aga Baptiste &#8211; Stearns teenisid viis punkti j\u00e4rjest ja sellest seisust enam v\u00e4lja ei tuldud.<\/p>\n<p>Otsustava seti otsustavatel hetkedel olid aga just Neel &#8211; Sutjiadi paremad, kaotusseisust 5:6 l\u00f5petati kohtumine viie punktiv\u00f5iduga j\u00e4rjest.<\/p>\n<p>Turniiri k\u00f5rgeim asetus on Itaalia paaril Sara Errani &#8211; Jasmine Paolini.<\/p>\n","protected":false},"excerpt":{"rendered":"Eesti tennisist Ingrid Neel alustas edukalt Miamis toimuvat k\u00f5rgetasemelist WTA paarism\u00e4nguturniiri. Kaitstud reitinguga p\u00f5hitabelisse p\u00e4\u00e4senud Neel ja tema&hellip;\n","protected":false},"author":2,"featured_media":135119,"comment_status":"","ping_status":"","sticky":false,"template":"","format":"standard","meta":{"footnotes":"","_share_on_mastodon":"0"},"categories":[18],"tags":[37,33,35,34,36,22963,9156,159,158,31212],"class_list":["post-135118","post","type-post","status-publish","format-standard","has-post-thumbnail","category-sport","tag-ee","tag-eesti","tag-eesti-keel","tag-estonia","tag-estonian","tag-ingrid-neel","tag-miami","tag-sport","tag-sports","tag-wta"],"share_on_mastodon":{"url":"https:\/\/pubeurope.com\/@ee\/116271918890143008","error":""},"_links":{"self":[{"href":"https:\/\/www.europesays.com\/ee\/wp-json\/wp\/v2\/posts\/135118","targetHints":{"allow":["GET"]}}],"collection":[{"href":"https:\/\/www.europesays.com\/ee\/wp-json\/wp\/v2\/posts"}],"about":[{"href":"https:\/\/www.europesays.com\/ee\/wp-json\/wp\/v2\/types\/post"}],"author":[{"embeddable":true,"href":"https:\/\/www.europesays.com\/ee\/wp-json\/wp\/v2\/users\/2"}],"replies":[{"embeddable":true,"href":"https:\/\/www.europesays.com\/ee\/wp-json\/wp\/v2\/comments?post=135118"}],"version-history":[{"count":0,"href":"https:\/\/www.europesays.com\/ee\/wp-json\/wp\/v2\/posts\/135118\/revisions"}],"wp:featuredmedia":[{"embeddable":true,"href":"https:\/\/www.europesays.com\/ee\/wp-json\/wp\/v2\/media\/135119"}],"wp:attachment":[{"href":"https:\/\/www.europesays.com\/ee\/wp-json\/wp\/v2\/media?parent=135118"}],"wp:term":[{"taxonomy":"category","embeddable":true,"href":"https:\/\/www.europesays.com\/ee\/wp-json\/wp\/v2\/categories?post=135118"},{"taxonomy":"post_tag","embeddable":true,"href":"https:\/\/www.europesays.com\/ee\/wp-json\/wp\/v2\/tags?post=135118"}],"curies":[{"name":"wp","href":"https:\/\/api.w.org\/{rel}","templated":true}]}}