{"id":135163,"date":"2026-03-22T09:43:09","date_gmt":"2026-03-22T09:43:09","guid":{"rendered":"https:\/\/www.europesays.com\/ee\/135163\/"},"modified":"2026-03-22T09:43:09","modified_gmt":"2026-03-22T09:43:09","slug":"ogier-ma-ei-saa-kinnitada-et-olen-2027-aastal-stardirivis-autoralli","status":"publish","type":"post","link":"https:\/\/www.europesays.com\/ee\/135163\/","title":{"rendered":"Ogier: ma ei saa kinnitada, et olen 2027. aastal stardirivis | Autoralli"},"content":{"rendered":"<p>\u00dcheksakordne autoralli maailmameister Sebastien Ogier andis m\u00f5ista, et uue p\u00f5lvkonna masinate roolis ei pruugi teda enam n\u00e4ha.<\/p>\n<p>42-aastane prantslane pole enam palju hooaega MM-sarjas t\u00e4iskoormusega v\u00f5istelnud ja loogiline oleks l\u00f5petada k\u00e4imasoleva hooaja j\u00e4rel, sest 2027. aastal tulevad areenile t\u00e4iesti uue p\u00f5lvkonna masinad.<\/p>\n<p>&#8220;Toyotal on j\u00e4rgmiseks aastaks auto, aga ma pole seda veel testinud. See ei ole mul hetkel plaanides,&#8221; s\u00f5nas Ogier Belgia ringh\u00e4\u00e4lingule RTBF. &#8220;Me hakkame otsi kokku t\u00f5mbama. Ma ei kinnitada, et olen 2027. aastal stardirivis. Hetkel on endiselt kirge ala vastu, aga elus on ka muid asju. Ma olen selle asja sees olnud kauem kui plaanisin. V\u00f5tan veel m\u00f5ne kuu otsustamiseks.&#8221;<\/p>\n<p>Tuleval aastal tulevad v\u00e4lja WRC27 masinad, mis baseeruvad praegustel Rally2 autodel. Ogier isiklikult aga muudatuste \u00fcle v\u00e4ga elevil ei ole. &#8220;Autod astuvad sammu tagasi. K\u00f5ige t\u00e4htsam on, et p\u00f5hikategoorias oleks palju osalejaid ja nii paljude s\u00f5itjate vahel kui v\u00f5imalik ka tihedad heitlused,&#8221; j\u00e4tkas ta.<\/p>\n<p>&#8220;Tehniliselt ei tekita autod samasugust kirge nagu praegused. V\u00e4hestel s\u00f5itjatel on nende kohta positiivset \u00f6elda.&#8221;<\/p>\n<p>K\u00e4imasoleval hooajal on peetud kolm MM-etappi ja Ogier on osalenud neist kahel. Avaetapil Monte Carlos tuli ta kolmandaks, aga ei p\u00e4\u00e4senud hiljuti Keenias k\u00fcmne hulka.<\/p>\n","protected":false},"excerpt":{"rendered":"\u00dcheksakordne autoralli maailmameister Sebastien Ogier andis m\u00f5ista, et uue p\u00f5lvkonna masinate roolis ei pruugi teda enam n\u00e4ha. 42-aastane&hellip;\n","protected":false},"author":2,"featured_media":135164,"comment_status":"","ping_status":"","sticky":false,"template":"","format":"standard","meta":{"footnotes":"","_share_on_mastodon":"0"},"categories":[18],"tags":[37,33,35,34,36,3000,159,158,1192,12728],"class_list":["post-135163","post","type-post","status-publish","format-standard","has-post-thumbnail","category-sport","tag-ee","tag-eesti","tag-eesti-keel","tag-estonia","tag-estonian","tag-sebastien-ogier","tag-sport","tag-sports","tag-wrc","tag-wrc27"],"share_on_mastodon":{"url":"https:\/\/pubeurope.com\/@ee\/116272182432420044","error":""},"_links":{"self":[{"href":"https:\/\/www.europesays.com\/ee\/wp-json\/wp\/v2\/posts\/135163","targetHints":{"allow":["GET"]}}],"collection":[{"href":"https:\/\/www.europesays.com\/ee\/wp-json\/wp\/v2\/posts"}],"about":[{"href":"https:\/\/www.europesays.com\/ee\/wp-json\/wp\/v2\/types\/post"}],"author":[{"embeddable":true,"href":"https:\/\/www.europesays.com\/ee\/wp-json\/wp\/v2\/users\/2"}],"replies":[{"embeddable":true,"href":"https:\/\/www.europesays.com\/ee\/wp-json\/wp\/v2\/comments?post=135163"}],"version-history":[{"count":0,"href":"https:\/\/www.europesays.com\/ee\/wp-json\/wp\/v2\/posts\/135163\/revisions"}],"wp:featuredmedia":[{"embeddable":true,"href":"https:\/\/www.europesays.com\/ee\/wp-json\/wp\/v2\/media\/135164"}],"wp:attachment":[{"href":"https:\/\/www.europesays.com\/ee\/wp-json\/wp\/v2\/media?parent=135163"}],"wp:term":[{"taxonomy":"category","embeddable":true,"href":"https:\/\/www.europesays.com\/ee\/wp-json\/wp\/v2\/categories?post=135163"},{"taxonomy":"post_tag","embeddable":true,"href":"https:\/\/www.europesays.com\/ee\/wp-json\/wp\/v2\/tags?post=135163"}],"curies":[{"name":"wp","href":"https:\/\/api.w.org\/{rel}","templated":true}]}}