{"id":135251,"date":"2026-03-22T11:44:09","date_gmt":"2026-03-22T11:44:09","guid":{"rendered":"https:\/\/www.europesays.com\/ee\/135251\/"},"modified":"2026-03-22T11:44:09","modified_gmt":"2026-03-22T11:44:09","slug":"rezissoor-anu-aun-tahtsin-luua-epust-audiovisuaalse-maali","status":"publish","type":"post","link":"https:\/\/www.europesays.com\/ee\/135251\/","title":{"rendered":"Re\u017eiss\u00f6\u00f6r Anu Aun: &#8220;Tahtsin luua Epust audiovisuaalse maali&#8221;"},"content":{"rendered":"<p>            <a href=\"https:\/\/online.le.ee\/wp-content\/uploads\/2026\/03\/Kokamae-filmi-linastus_Kaire-2.jpg\" data-caption=\"\" rel=\"nofollow noopener\" target=\"_blank\"><img loading=\"lazy\" width=\"696\" height=\"394\" class=\"entry-thumb td-modal-image lazyload\" alt=\"\" title=\"Kokam\u00e4e filmi linastus_Kaire (2)\" src=\"https:\/\/www.europesays.com\/ee\/wp-content\/uploads\/2026\/03\/Kokamae-filmi-linastus_Kaire-2-696x394.jpg\" decoding=\"async\"  data- data-eio-rwidth=\"696\" data-eio-rheight=\"394\"\/><\/a><\/p>\n<p>Kuvatud 3 pilti, galeriis pilte: 17<\/p>\n<p>\u00a0<\/p>\n<p>&#8220;Minu salajane soov oli luua Epust audiovisuaalne maal,&#8221; \u00fctles kunstnik Epp Maria Kokam\u00e4est dokumentaalfilmi &#8220;Epp Maria. Elu maalides&#8221; re\u017eiss\u00f6\u00f6r Anu Aun laup\u00e4eval Haapsalus filmi linastuse j\u00e4rel kinopublikuga kohtudes.<\/p>\n<p>&#8220;Epp Maria. Elu maalides&#8221; j\u00e4lgib kunstnik Epp Maria Kokam\u00e4e elu \u00fche aastaringi v\u00e4ltel: aiat\u00f6id tegemas, maalimas, p\u00e4rna\u00f5isi korjamas, rannas jalutamas, perega koos olemas. Kokam\u00e4gi nimetabki end aastaajakunstnikuks, sest vastavalt aastaaegadele varieeruvad ka v\u00e4rvid tema maalidel.<\/p>\n<p>Auna s\u00f5nul oli tal idee Kokam\u00e4est filmi teha juba mitu aastat tagasi. &#8220;Mulle tundub, et Epu maailm on magnet, mis hakkas mind t\u00f5mbama oluliselt varem kui ma teadsin, et ma kunagi \u00fcldse hakkan filme tegema,&#8221; \u00fctles Aun. Ta meenutas, et esimene kokkupuude Kokam\u00e4ega oli tal teismelisena, kui ta ostis viimase kujundatud kalenderm\u00e4rkmiku. &#8220;Siis hakkasin Ep<\/p>\n<p>Artikli lugemiseks tellige p\u00e4evapilet, digipakett v\u00f5i <a href=\"https:\/\/online.le.ee\/tellimine\/\" rel=\"nofollow noopener\" target=\"_blank\">logige<\/a> sisse!<br \/>\n<a href=\"https:\/\/online.le.ee\/tellimine\" rel=\"attachment wp-att-387649 nofollow noopener\" target=\"_blank\"><img loading=\"lazy\" class=\"aligncenter size-full wp-image-387649 lazyload\" alt=\"\" width=\"688\" height=\"101\" src=\"https:\/\/www.europesays.com\/ee\/wp-content\/uploads\/2025\/12\/tasuline.png\" decoding=\"async\" data-eio-rwidth=\"700\" data-eio-rheight=\"100\"\/><\/a><\/p>\n<p>Reklaam<\/p>\n<p>                        Eelmine artikkel<a href=\"https:\/\/online.le.ee\/2026\/03\/22\/virtsus-hupati-voidu-korgust\/\" rel=\"nofollow noopener\" target=\"_blank\">Virtsus h\u00fcpati v\u00f5idu k\u00f5rgust<\/a>                                <\/p>\n","protected":false},"excerpt":{"rendered":"Kuvatud 3 pilti, galeriis pilte: 17 \u00a0 &#8220;Minu salajane soov oli luua Epust audiovisuaalne maal,&#8221; \u00fctles kunstnik Epp&hellip;\n","protected":false},"author":2,"featured_media":135252,"comment_status":"","ping_status":"","sticky":false,"template":"","format":"standard","meta":{"footnotes":"","_share_on_mastodon":"0"},"categories":[16],"tags":[19453,37,33,35,173,15628,34,36,208,140],"class_list":["post-135251","post","type-post","status-publish","format-standard","has-post-thumbnail","category-meelelahutus","tag-anu-aun","tag-ee","tag-eesti","tag-eesti-keel","tag-entertainment","tag-epp-maria-kokamagi","tag-estonia","tag-estonian","tag-film","tag-meelelahutus"],"share_on_mastodon":{"url":"https:\/\/pubeurope.com\/@ee\/116272658123594249","error":""},"_links":{"self":[{"href":"https:\/\/www.europesays.com\/ee\/wp-json\/wp\/v2\/posts\/135251","targetHints":{"allow":["GET"]}}],"collection":[{"href":"https:\/\/www.europesays.com\/ee\/wp-json\/wp\/v2\/posts"}],"about":[{"href":"https:\/\/www.europesays.com\/ee\/wp-json\/wp\/v2\/types\/post"}],"author":[{"embeddable":true,"href":"https:\/\/www.europesays.com\/ee\/wp-json\/wp\/v2\/users\/2"}],"replies":[{"embeddable":true,"href":"https:\/\/www.europesays.com\/ee\/wp-json\/wp\/v2\/comments?post=135251"}],"version-history":[{"count":0,"href":"https:\/\/www.europesays.com\/ee\/wp-json\/wp\/v2\/posts\/135251\/revisions"}],"wp:featuredmedia":[{"embeddable":true,"href":"https:\/\/www.europesays.com\/ee\/wp-json\/wp\/v2\/media\/135252"}],"wp:attachment":[{"href":"https:\/\/www.europesays.com\/ee\/wp-json\/wp\/v2\/media?parent=135251"}],"wp:term":[{"taxonomy":"category","embeddable":true,"href":"https:\/\/www.europesays.com\/ee\/wp-json\/wp\/v2\/categories?post=135251"},{"taxonomy":"post_tag","embeddable":true,"href":"https:\/\/www.europesays.com\/ee\/wp-json\/wp\/v2\/tags?post=135251"}],"curies":[{"name":"wp","href":"https:\/\/api.w.org\/{rel}","templated":true}]}}