{"id":135257,"date":"2026-03-22T11:47:07","date_gmt":"2026-03-22T11:47:07","guid":{"rendered":"https:\/\/www.europesays.com\/ee\/135257\/"},"modified":"2026-03-22T11:47:07","modified_gmt":"2026-03-22T11:47:07","slug":"juhtkiri-%e2%9f%a9-appihuuded-mida-ei-tohi-eirata","status":"publish","type":"post","link":"https:\/\/www.europesays.com\/ee\/135257\/","title":{"rendered":"JUHTKIRI \u27e9 Appih\u00fc\u00fcded, mida ei tohi eirata"},"content":{"rendered":"<p class=\"MsoNormal\">Jah, vahest on osa neist katsetest t\u00f5esti vaid &#8220;enesetapukatsed&#8221;, mis tehtud t\u00e4helepanu saamiseks v\u00f5i ps\u00fchhiaatriaosakonda j\u00f5udmiseks. Samas viitab tablettide neelamine v\u00f5i enesel\u00f5ikumine sellele, et noorel on mure(d), mida ta ise ei oska v\u00f5i ei suuda lahendada.<\/p>\n<p class=\"MsoNormal\">Vastutust ei saa siin panna ainult noorele endale ja tema perele. M\u00e4ngivad ju teismelise elus olulist rolli ka kool, s\u00f5pruskond, sotsiaalmeedia ning \u00fcsna paljudel ka see, milline on vaimse tervise teenuste k\u00e4ttesaadavus. Kui teismeline tunneb, et keegi teda ei toeta, j\u00e4\u00e4bki ta oma murega \u00fcksi.<\/p>\n<p class=\"MsoNormal\">Noorte muresid on vaja aegsasti m\u00e4rgata, noori p\u00e4riselt kuulata ja toetada. Vahel v\u00f5ib piisata sellest, et keegi p\u00e4riselt k\u00fcsib, kuidas l\u00e4heb \u2013 ja ka p\u00e4riselt kuulab.<\/p>\n<p class=\"MsoNormal\">Kui me, t\u00e4iskasvanud, ei \u00f5pi \u00f5igel ajal m\u00e4rkama ja kuulama, v\u00f5ib abi noorele inimesele hiljaks j\u00e4\u00e4da.<\/p>\n","protected":false},"excerpt":{"rendered":"Jah, vahest on osa neist katsetest t\u00f5esti vaid &#8220;enesetapukatsed&#8221;, mis tehtud t\u00e4helepanu saamiseks v\u00f5i ps\u00fchhiaatriaosakonda j\u00f5udmiseks. Samas viitab&hellip;\n","protected":false},"author":2,"featured_media":135258,"comment_status":"","ping_status":"","sticky":false,"template":"","format":"standard","meta":{"footnotes":"","_share_on_mastodon":"0"},"categories":[80],"tags":[26,27,37,33,35,2977,34,36,31,32,21,405,28,29,95,60988,19,15353,60989,25,397,8058,15338,23,24,22,20,4213,30,92,93,94],"class_list":["post-135257","post","type-post","status-publish","format-standard","has-post-thumbnail","category-maailm","tag-breaking-news","tag-breakingnews","tag-ee","tag-eesti","tag-eesti-keel","tag-enesetapp","tag-estonia","tag-estonian","tag-featured-news","tag-featurednews","tag-headlines","tag-kool","tag-latest-news","tag-latestnews","tag-maailm","tag-mured","tag-news","tag-noor","tag-peresuhte","tag-populaarseimad-lood","tag-sotsiaalmeedia","tag-teismeline","tag-toetamine","tag-top-stories","tag-topstories","tag-uldised-uudised","tag-uudised","tag-vaimne-tervis","tag-viimased-uudised","tag-world","tag-world-news","tag-worldnews"],"share_on_mastodon":{"url":"https:\/\/pubeurope.com\/@ee\/116272669997407685","error":""},"_links":{"self":[{"href":"https:\/\/www.europesays.com\/ee\/wp-json\/wp\/v2\/posts\/135257","targetHints":{"allow":["GET"]}}],"collection":[{"href":"https:\/\/www.europesays.com\/ee\/wp-json\/wp\/v2\/posts"}],"about":[{"href":"https:\/\/www.europesays.com\/ee\/wp-json\/wp\/v2\/types\/post"}],"author":[{"embeddable":true,"href":"https:\/\/www.europesays.com\/ee\/wp-json\/wp\/v2\/users\/2"}],"replies":[{"embeddable":true,"href":"https:\/\/www.europesays.com\/ee\/wp-json\/wp\/v2\/comments?post=135257"}],"version-history":[{"count":0,"href":"https:\/\/www.europesays.com\/ee\/wp-json\/wp\/v2\/posts\/135257\/revisions"}],"wp:featuredmedia":[{"embeddable":true,"href":"https:\/\/www.europesays.com\/ee\/wp-json\/wp\/v2\/media\/135258"}],"wp:attachment":[{"href":"https:\/\/www.europesays.com\/ee\/wp-json\/wp\/v2\/media?parent=135257"}],"wp:term":[{"taxonomy":"category","embeddable":true,"href":"https:\/\/www.europesays.com\/ee\/wp-json\/wp\/v2\/categories?post=135257"},{"taxonomy":"post_tag","embeddable":true,"href":"https:\/\/www.europesays.com\/ee\/wp-json\/wp\/v2\/tags?post=135257"}],"curies":[{"name":"wp","href":"https:\/\/api.w.org\/{rel}","templated":true}]}}