{"id":135312,"date":"2026-03-22T13:02:10","date_gmt":"2026-03-22T13:02:10","guid":{"rendered":"https:\/\/www.europesays.com\/ee\/135312\/"},"modified":"2026-03-22T13:02:10","modified_gmt":"2026-03-22T13:02:10","slug":"hint-ja-wolfsburg-paasesid-lisaajal-saksamaa-noorte-karikafinaali-soccernet-ee","status":"publish","type":"post","link":"https:\/\/www.europesays.com\/ee\/135312\/","title":{"rendered":"Hint ja Wolfsburg p\u00e4\u00e4sesid lisaajal Saksamaa noorte karikafinaali &#8211; Soccernet.ee"},"content":{"rendered":"<p><img decoding=\"async\" src=\"https:\/\/www.europesays.com\/ee\/wp-content\/uploads\/2026\/02\/1772285879.jpg\" alt=\"Trevor Hint. Foto: N\u00f5mme United \/ Facebook\"\/>&#13;\n<\/p>\n<p>Trevor Hint p\u00e4\u00e4ses Wolfsburgi koosseisus Saksamaa U19 karikafinaali, kui t\u00e4nases poolfinaalis alistati K\u00f6ln lisaaja j\u00e4rel 3:2. Hint vahetati sisse lisaaja alguses.<\/p>\n<p>Normaalaeg j\u00e4i 2:2 viiki, Wolfsburgi m\u00f5lemad v\u00e4ravad l\u00f5i\u00a0Karlo Simic. Lisaaja ainsaks tabamuseks oli K\u00f6lni m\u00e4ngija\u00a0Leo Isufi omav\u00e4rav 105. minutil.&#13;\n<\/p>\n<p>Noorte karikafinaalis l\u00e4heb Wolfsburg vastamisi Stuttgardiga, kes alistas teises poolfinaalis 2:1 Bochumi.<\/p>\n","protected":false},"excerpt":{"rendered":"&#13; Trevor Hint p\u00e4\u00e4ses Wolfsburgi koosseisus Saksamaa U19 karikafinaali, kui t\u00e4nases poolfinaalis alistati K\u00f6ln lisaaja j\u00e4rel 3:2. Hint&hellip;\n","protected":false},"author":2,"featured_media":118098,"comment_status":"","ping_status":"","sticky":false,"template":"","format":"standard","meta":{"footnotes":"","_share_on_mastodon":"0"},"categories":[18],"tags":[37,33,35,34,36,5032,61017,61018,159,158,922,1712,5034],"class_list":["post-135312","post","type-post","status-publish","format-standard","has-post-thumbnail","category-sport","tag-ee","tag-eesti","tag-eesti-keel","tag-estonia","tag-estonian","tag-hint","tag-koln-u19","tag-saksamaa-u19-karikas","tag-sport","tag-sports","tag-trevor-hint","tag-wolfsburg","tag-wolfsburg-u19"],"share_on_mastodon":{"url":"https:\/\/pubeurope.com\/@ee\/116272964791425909","error":""},"_links":{"self":[{"href":"https:\/\/www.europesays.com\/ee\/wp-json\/wp\/v2\/posts\/135312","targetHints":{"allow":["GET"]}}],"collection":[{"href":"https:\/\/www.europesays.com\/ee\/wp-json\/wp\/v2\/posts"}],"about":[{"href":"https:\/\/www.europesays.com\/ee\/wp-json\/wp\/v2\/types\/post"}],"author":[{"embeddable":true,"href":"https:\/\/www.europesays.com\/ee\/wp-json\/wp\/v2\/users\/2"}],"replies":[{"embeddable":true,"href":"https:\/\/www.europesays.com\/ee\/wp-json\/wp\/v2\/comments?post=135312"}],"version-history":[{"count":0,"href":"https:\/\/www.europesays.com\/ee\/wp-json\/wp\/v2\/posts\/135312\/revisions"}],"wp:featuredmedia":[{"embeddable":true,"href":"https:\/\/www.europesays.com\/ee\/wp-json\/wp\/v2\/media\/118098"}],"wp:attachment":[{"href":"https:\/\/www.europesays.com\/ee\/wp-json\/wp\/v2\/media?parent=135312"}],"wp:term":[{"taxonomy":"category","embeddable":true,"href":"https:\/\/www.europesays.com\/ee\/wp-json\/wp\/v2\/categories?post=135312"},{"taxonomy":"post_tag","embeddable":true,"href":"https:\/\/www.europesays.com\/ee\/wp-json\/wp\/v2\/tags?post=135312"}],"curies":[{"name":"wp","href":"https:\/\/api.w.org\/{rel}","templated":true}]}}