{"id":135380,"date":"2026-03-22T14:32:23","date_gmt":"2026-03-22T14:32:23","guid":{"rendered":"https:\/\/www.europesays.com\/ee\/135380\/"},"modified":"2026-03-22T14:32:23","modified_gmt":"2026-03-22T14:32:23","slug":"lilian-saage-mida-ma-oleks-tahtnud-teada-enne-kui-alustasin-oma-paarisuhteid-edasi","status":"publish","type":"post","link":"https:\/\/www.europesays.com\/ee\/135380\/","title":{"rendered":"Lilian Saage: mida ma oleks tahtnud teada enne, kui alustasin oma paarisuhteid \u2013 Edasi"},"content":{"rendered":"<p>\t\t\t<img fetchpriority=\"high\" width=\"1024\" height=\"683\" src=\"https:\/\/www.europesays.com\/ee\/wp-content\/uploads\/2026\/03\/GettyImages-491364482-1024x683.webp.webp\" class=\"attachment-hive-single-image size-hive-single-image wp-post-image\" alt=\"\" decoding=\"async\"   data-attachment-id=\"272301\" data-permalink=\"https:\/\/edasi.org\/272223\/lilian-saage-mida-ma-oleks-tahtnud-teada-enne-kui-alustasin-oma-paarisuhteid\/love-in-a-foreign-city\/\" data-orig-file=\"https:\/\/edasi.org\/wp-content\/uploads\/2026\/03\/GettyImages-491364482-scaled.webp\" data-orig-size=\"2048,1367\" data-comments-opened=\"0\" data-image-meta=\"{&quot;aperture&quot;:&quot;3.5&quot;,&quot;credit&quot;:&quot;Getty Images&quot;,&quot;camera&quot;:&quot;NIKON D800E&quot;,&quot;caption&quot;:&quot;Cropped shot of a young man piggybacking his wife while touring in a foreign countryhttp:\/\/195.154.178.81\/DATA\/i_collage\/pu\/shoots\/805671.jpg&quot;,&quot;created_timestamp&quot;:&quot;1441612458&quot;,&quot;copyright&quot;:&quot;pixdeluxe&quot;,&quot;focal_length&quot;:&quot;44&quot;,&quot;iso&quot;:&quot;160&quot;,&quot;shutter_speed&quot;:&quot;0.00125&quot;,&quot;title&quot;:&quot;Love in a foreign city&quot;,&quot;orientation&quot;:&quot;1&quot;}\" data-image-title=\"Love in a foreign city\" data-image-description=\"\" data-image-caption=\"&lt;p&gt;Paljud paarisuhted algavad m\u00e4rkamatult. Foto: Getty&lt;\/p&gt;&#10;\" data-medium-file=\"https:\/\/edasi.org\/wp-content\/uploads\/2026\/03\/GettyImages-491364482-768x512.webp\" data-large-file=\"https:\/\/www.europesays.com\/ee\/wp-content\/uploads\/2026\/03\/GettyImages-491364482-1024x683.webp.webp\"\/>\t\t\tPaljud paarisuhted algavad m\u00e4rkamatult. Foto: Getty\t\t<\/p>\n<p class=\"intro\">Ma ei oleks osanud arvata, et suhe v\u00f5ib hakata murenema ammu enne esimest suurt kriisi. Mitte v\u00e4simus, lapsed ega ajapuudus pole enamasti algp\u00f5hjus. Palju m\u00e4\u00e4ravam on, mida me toome suhtesse kaasa n\u00e4htamatu seljakotina \u2013 ja mida me pole veel \u00f5ppinud selgeks.<\/p>\n<p>Paljud paarisuhted algavad m\u00e4rkamatult. Kohtud kellegagi, kes tundub \u00f5ige. Hakkate koos aega veetma, siis juba elama. Sageli juhtub see eluetapis, kus alles \u00f5pitakse iseendaga hakkama saama \u2013 g\u00fcmnaasiumi v\u00f5i \u00fclikooli ajal, vahel veel vanematekodus elades.<\/p>\n","protected":false},"excerpt":{"rendered":"Paljud paarisuhted algavad m\u00e4rkamatult. Foto: Getty Ma ei oleks osanud arvata, et suhe v\u00f5ib hakata murenema ammu enne&hellip;\n","protected":false},"author":2,"featured_media":135381,"comment_status":"","ping_status":"","sticky":false,"template":"","format":"standard","meta":{"footnotes":"","_share_on_mastodon":"0"},"categories":[80],"tags":[5558,26,27,424,37,33,35,25823,15336,34,36,31,32,21,1427,3704,28,29,95,2912,19,2913,1564,11584,25,61060,2928,308,23,24,22,20,5560,30,92,93,94],"class_list":["post-135380","post","type-post","status-publish","format-standard","has-post-thumbnail","category-maailm","tag-areng","tag-breaking-news","tag-breakingnews","tag-edasi","tag-ee","tag-eesti","tag-eesti-keel","tag-elukaar","tag-eneseareng","tag-estonia","tag-estonian","tag-featured-news","tag-featurednews","tag-headlines","tag-kogemus","tag-lapsed","tag-latest-news","tag-latestnews","tag-maailm","tag-muutused","tag-news","tag-oppimine","tag-paarisuhe","tag-pere","tag-populaarseimad-lood","tag-rollid","tag-suhted","tag-tervis","tag-top-stories","tag-topstories","tag-uldised-uudised","tag-uudised","tag-uudishimulik","tag-viimased-uudised","tag-world","tag-world-news","tag-worldnews"],"share_on_mastodon":{"url":"https:\/\/pubeurope.com\/@ee\/116273318786025212","error":""},"_links":{"self":[{"href":"https:\/\/www.europesays.com\/ee\/wp-json\/wp\/v2\/posts\/135380","targetHints":{"allow":["GET"]}}],"collection":[{"href":"https:\/\/www.europesays.com\/ee\/wp-json\/wp\/v2\/posts"}],"about":[{"href":"https:\/\/www.europesays.com\/ee\/wp-json\/wp\/v2\/types\/post"}],"author":[{"embeddable":true,"href":"https:\/\/www.europesays.com\/ee\/wp-json\/wp\/v2\/users\/2"}],"replies":[{"embeddable":true,"href":"https:\/\/www.europesays.com\/ee\/wp-json\/wp\/v2\/comments?post=135380"}],"version-history":[{"count":0,"href":"https:\/\/www.europesays.com\/ee\/wp-json\/wp\/v2\/posts\/135380\/revisions"}],"wp:featuredmedia":[{"embeddable":true,"href":"https:\/\/www.europesays.com\/ee\/wp-json\/wp\/v2\/media\/135381"}],"wp:attachment":[{"href":"https:\/\/www.europesays.com\/ee\/wp-json\/wp\/v2\/media?parent=135380"}],"wp:term":[{"taxonomy":"category","embeddable":true,"href":"https:\/\/www.europesays.com\/ee\/wp-json\/wp\/v2\/categories?post=135380"},{"taxonomy":"post_tag","embeddable":true,"href":"https:\/\/www.europesays.com\/ee\/wp-json\/wp\/v2\/tags?post=135380"}],"curies":[{"name":"wp","href":"https:\/\/api.w.org\/{rel}","templated":true}]}}