{"id":135640,"date":"2026-03-22T20:43:15","date_gmt":"2026-03-22T20:43:15","guid":{"rendered":"https:\/\/www.europesays.com\/ee\/135640\/"},"modified":"2026-03-22T20:43:15","modified_gmt":"2026-03-22T20:43:15","slug":"see-tabab-mind-nagu-autoavarii-proxcskiing","status":"publish","type":"post","link":"https:\/\/www.europesays.com\/ee\/135640\/","title":{"rendered":"\u201eSee tabab mind nagu autoavarii\u201c \u2013 ProXCskiing"},"content":{"rendered":"<p>P\u00fchap\u00e4eva \u00f5htul v\u00f5istleb Jessie Diggins oma viimase maailmakarika etapi. P\u00e4rast 20 km \u00fchisstarti kodumaal Lake Placidis l\u00f5petab ta v\u00f5istluse.<\/p>\n<p class=\"gt-block\">Samuti loe &#8211; <a href=\"https:\/\/www.proxcskiing.com\/et\/traditsiooniline-suusatamine\/Lake-Placidi-maailmameistriv%C3%B5istlused-2025.-ja-2026.-aastal%3A-20-km-%C3%BChisstardiga-jooksu-stardinimekirjad-ja-stardiajad\/\" target=\"_blank\" rel=\"noreferrer noopener nofollow\">Lake Placidi maailmameistriv\u00f5istlused 2025\/2026: 20 km \u00fchisstardiga distantsi stardinimekirjad ja stardiajad<\/a><\/p>\n<p>34-aastane sportlane teatas otsusest juba novembris, p\u00e4rast seda, kui kuulujutud olid mitu n\u00e4dalat ringelnud. Sellegipoolest usub Diggins, et viimane v\u00f5istlus tuleb talle \u0161okina.<\/p>\n<p class=\"gt-block\">\u201eOlen \u200b\u200bseda terve hooaja jooksul l\u00e4bi t\u00f6\u00f6tanud, aga kardan, et see tabab mind p\u00fchap\u00e4eval nagu autoavarii,\u201c Diggins \u00fctles NBC-le.<\/p>\n<p>Ta selgitab, et tema otsust pensionile j\u00e4\u00e4da ei ajenda motivatsioonipuudus. Pigem ei taha ta enam elada elustiili, mis on vajalik v\u00f5istlemiseks. See taandub s\u00f5pradest ja perekonnast eemalolekule, koduigatsusele ja v\u00f5itlusele s\u00f6\u00f6mish\u00e4iretega.<\/p>\n<p>J\u00e4tab t\u00fchjuse<\/p>\n<p>Pole kahtlustki, et Diggins j\u00e4tab endast maha t\u00fchimiku. Ka Norra staarid \u00fctlevad, et nad j\u00e4\u00e4vad energilisest konkurendist puudust tundma.<\/p>\n<p class=\"gt-block\">\u201eMe oleme samaealised, seega on kummaline, et teda enam pole. Jah\u2026 see on kummaline,\u201c Heidi Weng r\u00e4\u00e4kis <a href=\"https:\/\/www.nettavisen.no\/sport\/na-er-det-over-usa-stjernen-jeg-frykter-det\/s\/5-95-2941703\" target=\"_blank\" rel=\"noreferrer noopener nofollow\">Nettavisen<\/a>.<\/p>\n<p>Astrid \u00d8yre Slind n\u00f5ustub. Ka tema usub, et Diggins on olnud Ameerika murdmaasuusatamise teerajaja.<\/p>\n<p class=\"gt-block\">\u201eRiigist, keda murdmaasuusatamises keegi eriti ei arvestanud, on saanud mitme sportlasega ol\u00fcmpiamedalite v\u00f5itmise v\u00f5itja. K\u00f5ik on n\u00fc\u00fcd paigas ja suur osa sellest on t\u00e4nu temale. N\u00fc\u00fcd on meeste poolel kohustus seda edasi viia, et profiilid t\u00e4ielikult t\u00fchjaks ei j\u00e4\u00e4ks.\u201c<\/p>\n<p>Silmapaistev karj\u00e4\u00e4r<\/p>\n<p>P\u00e4rast oma maailmakarika deb\u00fc\u00fcti Drammeni sprindis 2011. aastal on Ameerika staar USA kindlalt murdmaasuusatamise kaardile toonud. Ta on v\u00f5istelnud 384 maailmakarika v\u00f5istlusel, j\u00f5udnud 90 korda poodiumile ja saavutanud 34 v\u00f5itu.<\/p>\n<p>Sel talvel v\u00f5itis ta 10 km jooksus ol\u00fcmpiapronksi, hoolimata sellest, et v\u00f5istles murtud roidega. Tal oli juba kolm ol\u00fcmpiamedalit: h\u00f5be 30 km jooksus ja pronks sprindis 2022. aastal, samuti kuld v\u00f5istkondlikus sprindis 2018. aastal.<\/p>\n<p>Maailmameistriv\u00f5istlustelt on tal seitse medalit, sealhulgas kaks kulda. Esimene tuli 2013. aastal Val di Fiemmes v\u00f5istkondlikus sprindis koos Kikkan Randalliga. Teine tuli k\u00fcmme aastat hiljem Planicas 10 km vabaujumises.<\/p>\n<p>Uued plaanid ees<\/p>\n<p>N\u00fc\u00fcd algab Digginsi jaoks uus peat\u00fckk ja t\u00f6\u00f6pakkumisi juba sajab sisse.<\/p>\n<p>M\u00e4rtsi alguses toimunud maailmameistriv\u00f5istluste ajal vihjas ta plaanile saada motiveerivaks k\u00f5nelejaks.<\/p>\n<p class=\"gt-block\">\u201eMurdmaasuusatamine on omamoodi sooritusv\u00f5ime. Sul on \u00fcks hetk ennast n\u00e4idata; mine rajale ja proovi etendust korraldada. Etendust, mis inspireerib inimesi koju minema ja tekitab neis soovi liikuma minna.\u201c Jessie Diggins \u00fctles Iltalehtile.<\/p>\n<p class=\"gt-block\">\u201eMa tahan, et nad lahkuksid ruumist t\u00f5eliselt tundega. Aga ma ei taha seda enam teha oma keha absoluutse piirini sundides.\u201c<\/p>\n<p>P\u00fchap\u00e4eval v\u00f5istleb Jessie Diggins oma viimasel maailmakarika etapil. \u00dchisstart Lake Placidis algab kell 17.30 Kesk-Euroopa aja j\u00e4rgi.<\/p>\n<p class=\"gt-block\">P\u00fchap\u00e4ev, 22. m\u00e4rts: 20 km \u00fchisstardiga vabaujumine (lisateavet leiate aadressilt\u00a0<a href=\"https:\/\/www.proxcskiing.com\/et\/s%C3%BCndmus\/fini%C5%A1-MM-Lake-Placidis-20-km-%C3%BChisstardist-vaba\/\" target=\"_blank\" rel=\"noreferrer noopener nofollow\">SIIN<\/a>)<\/p>\n<ul class=\"wp-block-list\">\n<li>17:30 CET: 20 km \u00fchisstardist vabaujumine, mehed<\/li>\n<li>19:30 CET: 20 km \u00fchisstardist vabaujumine, naised<\/li>\n<\/ul>\n<p class=\"gt-block\">Stardinimekirjad on leitavad\u00a0<a href=\"https:\/\/www.proxcskiing.com\/et\/s%C3%BCndmus\/fini%C5%A1-MM-Lake-Placidis-20-km-%C3%BChisstardist-vaba\/\" target=\"_blank\" rel=\"noreferrer noopener nofollow\">SIIN NAISTELE<\/a> ja\u00a0<a href=\"https:\/\/www.proxcskiing.com\/et\/s%C3%BCndmus\/fini%C5%A1-MM-Lake-Placidis-20-km-%C3%BChisstardist-vaba\/\" target=\"_blank\" rel=\"noreferrer noopener nofollow\">SIIN MEESTELE<\/a><\/p>\n<p>FAKTID Lake Placidi maailmameistriv\u00f5istluste hooaeg 2025\/2026<\/p>\n<p class=\"gt-block\">PROGRAMM<\/p>\n<p class=\"gt-block\">Reede, 20. m\u00e4rts: 10 km intervallstardist klassikaline distants (lisateavet leiate aadressilt\u00a0<a href=\"https:\/\/www.proxcskiing.com\/et\/s%C3%BCndmus\/fis-wc-Lake-Placid-10-km-c\/\" target=\"_blank\" rel=\"noreferrer noopener nofollow\">SIIN<\/a>)<\/p>\n<ul class=\"wp-block-list\">\n<li>18:00 CET: 10 km intervallstardist klassikalised distantsid, naised<\/li>\n<li>20:00 CET: 10 km intervallstardist klassikalised distantsid, mehed<\/li>\n<\/ul>\n<p class=\"gt-block\">Laup\u00e4ev, 21. m\u00e4rts: Sprint Freestyle (Lisateavet leiate aadressilt\u00a0<a href=\"https:\/\/www.proxcskiing.com\/et\/s%C3%BCndmus\/fis-wc-Lake-Placid-sprint-f\/\" target=\"_blank\" rel=\"noreferrer noopener nofollow\">SIIN<\/a>)<\/p>\n<ul class=\"wp-block-list\">\n<li>15:30 CET: Sprindi kvalifikatsioon vabaujumises, naised<\/li>\n<li>16:05 CET: Sprindi kvalifikatsioon vabaujumises, mehed<\/li>\n<li>18:00 CET: Naiste vabaujumise finaal<\/li>\n<li>18:30 CET: Meeste vabaujumise finaal<\/li>\n<\/ul>\n<p class=\"gt-block\">P\u00fchap\u00e4ev, 22. m\u00e4rts: 20 km \u00fchisstardiga vabaujumine (lisateavet leiate aadressilt\u00a0<a href=\"https:\/\/www.proxcskiing.com\/et\/s%C3%BCndmus\/fini%C5%A1-MM-Lake-Placidis-20-km-%C3%BChisstardist-vaba\/\" target=\"_blank\" rel=\"noreferrer noopener nofollow\">SIIN<\/a>)<\/p>\n<ul class=\"wp-block-list\">\n<li>17:30 CET: 20 km \u00fchisstardist vabaujumine, mehed<\/li>\n<li>19:30 CET: 20 km \u00fchisstardist vabaujumine, naised<\/li>\n<\/ul>\n<p class=\"gt-block\">Loe edasi:\u00a0<a href=\"https:\/\/www.proxcskiing.com\/et\/traditsiooniline-suusatamine\/Murdmaasuusatamise-maailmameistriv%C3%B5istluste-kalender-2025.-ja-2026.-aasta-talvehooajaks\/\" target=\"_blank\" rel=\"noreferrer noopener nofollow\">Murdmaasuusatamise maailmameistriv\u00f5istlused: 2025\/2026 talvehooaja kalender<\/a><\/p>\n<p class=\"gt-block\">Lisateavet murdmaasuusatamise maailmameistriv\u00f5istluste kohta leiate\u00a0<a href=\"https:\/\/www.fis-ski.com\/cross-country\" target=\"_blank\" rel=\"noreferrer noopener nofollow\">SIIN<\/a><\/p>\n<p class=\"gt-block\">Kas olete huvitatud traditsioonilisest murdmaasuusatamisest? Kl\u00f5psake siin\u00a0<a href=\"https:\/\/www.proxcskiing.com\/et\/kategooria\/traditsiooniline-suusatamine\/\" target=\"_blank\" rel=\"noreferrer noopener nofollow\">SIIN<\/a>\u00a0ja loe selle kohta l\u00e4hemalt. <\/p>\n","protected":false},"excerpt":{"rendered":"P\u00fchap\u00e4eva \u00f5htul v\u00f5istleb Jessie Diggins oma viimase maailmakarika etapi. P\u00e4rast 20 km \u00fchisstarti kodumaal Lake Placidis l\u00f5petab ta&hellip;\n","protected":false},"author":2,"featured_media":135641,"comment_status":"","ping_status":"","sticky":false,"template":"","format":"standard","meta":{"footnotes":"","_share_on_mastodon":"0"},"categories":[18],"tags":[378,27316,37,33,35,34,36,34532,35584,159,158,35585],"class_list":["post-135640","post","type-post","status-publish","format-standard","has-post-thumbnail","category-sport","tag-auto","tag-diggins","tag-ee","tag-eesti","tag-eesti-keel","tag-estonia","tag-estonian","tag-lake-placid","tag-proxcskimine","tag-sport","tag-sports","tag-world-cup"],"share_on_mastodon":{"url":"https:\/\/pubeurope.com\/@ee\/116274777472871101","error":""},"_links":{"self":[{"href":"https:\/\/www.europesays.com\/ee\/wp-json\/wp\/v2\/posts\/135640","targetHints":{"allow":["GET"]}}],"collection":[{"href":"https:\/\/www.europesays.com\/ee\/wp-json\/wp\/v2\/posts"}],"about":[{"href":"https:\/\/www.europesays.com\/ee\/wp-json\/wp\/v2\/types\/post"}],"author":[{"embeddable":true,"href":"https:\/\/www.europesays.com\/ee\/wp-json\/wp\/v2\/users\/2"}],"replies":[{"embeddable":true,"href":"https:\/\/www.europesays.com\/ee\/wp-json\/wp\/v2\/comments?post=135640"}],"version-history":[{"count":0,"href":"https:\/\/www.europesays.com\/ee\/wp-json\/wp\/v2\/posts\/135640\/revisions"}],"wp:featuredmedia":[{"embeddable":true,"href":"https:\/\/www.europesays.com\/ee\/wp-json\/wp\/v2\/media\/135641"}],"wp:attachment":[{"href":"https:\/\/www.europesays.com\/ee\/wp-json\/wp\/v2\/media?parent=135640"}],"wp:term":[{"taxonomy":"category","embeddable":true,"href":"https:\/\/www.europesays.com\/ee\/wp-json\/wp\/v2\/categories?post=135640"},{"taxonomy":"post_tag","embeddable":true,"href":"https:\/\/www.europesays.com\/ee\/wp-json\/wp\/v2\/tags?post=135640"}],"curies":[{"name":"wp","href":"https:\/\/api.w.org\/{rel}","templated":true}]}}