{"id":135846,"date":"2026-03-23T06:06:07","date_gmt":"2026-03-23T06:06:07","guid":{"rendered":"https:\/\/www.europesays.com\/ee\/135846\/"},"modified":"2026-03-23T06:06:07","modified_gmt":"2026-03-23T06:06:07","slug":"tartus-selgusid-esmakordselt-talvised-eesti-meistrid-rannavolles","status":"publish","type":"post","link":"https:\/\/www.europesays.com\/ee\/135846\/","title":{"rendered":"Tartus selgusid esmakordselt talvised Eesti meistrid rannavolles"},"content":{"rendered":"<p>Finaalp\u00e4eva t\u00f5mbasid k\u00e4ima naiste poolfinaalid, millest esimeses l\u00e4ksid vastamisi \u00f5ed J\u00fcrgensonid ja Ave Kuusk \u2013 Katariina Vengerfeldt, j\u00e4rgmises Marta-Mia Ploomipuu \u2013 Hannemai Hanim\u00e4gi ja Maret Kuuse \u2013 Lenna Kuusik.<\/p>\n<p>M\u00f5lemad hilisemad finalistid panid paremuse veenvalt maksma: Kuuse ja Vengerfeldt kogusid esimeses geimis 11 ja teises \u00fcheksa punkti ning kaotasid J\u00fcrgensonidele m\u00e4ngu 0:2, Hanim\u00e4gi ja Ploomipuu alistasid Kuuse ja Kuusiku samuti 2:0 (21:16, 21:10).<\/p>\n<p>Naiste finaal pakkus v\u00f5imalusi m\u00f5lemale paarile, aga talvisteks Eesti meistriteks tulid 2:0 (21:17, 21:18) v\u00f5idu j\u00e4rel Liisa-Lotta ja Grete J\u00fcrgenson, j\u00e4ttes Marta-Mia Ploomipuu ja Hannemai Hanim\u00e4gi h\u00f5bedale.<\/p>\n<p>Pronksmedalid said Kuuse ja Vengerfeldti koham\u00e4ngust loobumise j\u00e4rel kaela Maret Kuuse ja Lenna Kuusik. Meeste turniiril pakkus juba esimene poolfinaal, kus edasip\u00e4\u00e4su nimel heitlesid Eesti esipaar Tiisaar ja Korotkov ning valitsev Eesti meister Jaan Rebel koos Karl Maidlega, finaaliv\u00e4\u00e4rilise vaatem\u00e4ngu.<\/p>\n<p>V\u00f5itlusliku kohtumise j\u00e4rel edenesid 2:0 (25:23, 21:14) v\u00f5iduga finaali Tiisaar ja Korotkov. Teises poolfinaalis haarasid algusest peale edu Urmas Piik ja Armin Kender, kes vormistasid finaalikoha 2:0 (21:16, 21:12) m\u00e4nguv\u00f5iduga ja j\u00e4tsid kolmanda koha peale m\u00e4ngima Artur T\u0161uhnenkovi ja Daniil Verhogljadi.<\/p>\n<p>Heitluses meistritiitli peale hingasid Piik ja Kender k\u00fcll Tiisaarele ja Korotkovile mitmel korral kuklasse, aga kokkuv\u00f5ttes oli esipaari paremus selge ning talvisteks Eesti meistriteks krooniti Mart Tiisaar ja Dmitri Korotkov, olles finaalis 2:0 (21:8, 21:17) paremad Urmas Piigist ja Armin Kenderist.<\/p>\n<p>Pronksi teenisid Jaan Rebel ja Karl Maidle, kes olid medalim\u00e4ngus sarnaselt finaalile vastastest veenvalt paremad ning v\u00f5itsid T\u0161uhnenkovi ja Verhogljadi 2:0 (21:18, 21:13).<\/p>\n<p>Talviste Eesti meistriv\u00f5istluste k\u00f5ik tulemused on <a target=\"_blank\" rel=\"noopener noreferrer nofollow\" href=\"https:\/\/turniir.ee\/emvtalvine\/fixtures\">SIIN<\/a><\/p>\n","protected":false},"excerpt":{"rendered":"Finaalp\u00e4eva t\u00f5mbasid k\u00e4ima naiste poolfinaalid, millest esimeses l\u00e4ksid vastamisi \u00f5ed J\u00fcrgensonid ja Ave Kuusk \u2013 Katariina Vengerfeldt, j\u00e4rgmises&hellip;\n","protected":false},"author":2,"featured_media":135847,"comment_status":"","ping_status":"","sticky":false,"template":"","format":"standard","meta":{"footnotes":"","_share_on_mastodon":"0"},"categories":[18],"tags":[61232,61236,61235,61230,37,33,35,8766,34,36,61231,61223,61229,61225,61226,61233,61227,61228,61234,159,158,61224,61222],"class_list":["post-135846","post","type-post","status-publish","format-standard","has-post-thumbnail","category-sport","tag-armin-kender","tag-artur-tsuhnenkov","tag-ave-kuusk","tag-daniil-verhogljad","tag-ee","tag-eesti","tag-eesti-keel","tag-eesti-meistrivoistlused","tag-estonia","tag-estonian","tag-hannemai-hanimagi","tag-jaan-rebel","tag-jurgensonid","tag-karl-maid","tag-katariina-vengerfeldt","tag-korotkov","tag-lenna-kuusik","tag-maret-kuuse","tag-marta-mia-ploomipuu","tag-sport","tag-sports","tag-tiisaar","tag-urmas-piik"],"share_on_mastodon":{"url":"https:\/\/pubeurope.com\/@ee\/116276991319401606","error":""},"_links":{"self":[{"href":"https:\/\/www.europesays.com\/ee\/wp-json\/wp\/v2\/posts\/135846","targetHints":{"allow":["GET"]}}],"collection":[{"href":"https:\/\/www.europesays.com\/ee\/wp-json\/wp\/v2\/posts"}],"about":[{"href":"https:\/\/www.europesays.com\/ee\/wp-json\/wp\/v2\/types\/post"}],"author":[{"embeddable":true,"href":"https:\/\/www.europesays.com\/ee\/wp-json\/wp\/v2\/users\/2"}],"replies":[{"embeddable":true,"href":"https:\/\/www.europesays.com\/ee\/wp-json\/wp\/v2\/comments?post=135846"}],"version-history":[{"count":0,"href":"https:\/\/www.europesays.com\/ee\/wp-json\/wp\/v2\/posts\/135846\/revisions"}],"wp:featuredmedia":[{"embeddable":true,"href":"https:\/\/www.europesays.com\/ee\/wp-json\/wp\/v2\/media\/135847"}],"wp:attachment":[{"href":"https:\/\/www.europesays.com\/ee\/wp-json\/wp\/v2\/media?parent=135846"}],"wp:term":[{"taxonomy":"category","embeddable":true,"href":"https:\/\/www.europesays.com\/ee\/wp-json\/wp\/v2\/categories?post=135846"},{"taxonomy":"post_tag","embeddable":true,"href":"https:\/\/www.europesays.com\/ee\/wp-json\/wp\/v2\/tags?post=135846"}],"curies":[{"name":"wp","href":"https:\/\/api.w.org\/{rel}","templated":true}]}}