{"id":135978,"date":"2026-03-23T08:32:07","date_gmt":"2026-03-23T08:32:07","guid":{"rendered":"https:\/\/www.europesays.com\/ee\/135978\/"},"modified":"2026-03-23T08:32:07","modified_gmt":"2026-03-23T08:32:07","slug":"uus-relvaseadus-lubaks-relvaomanikel-hoiustada-rohkem-laskemoona-eesti","status":"publish","type":"post","link":"https:\/\/www.europesays.com\/ee\/135978\/","title":{"rendered":"Uus relvaseadus lubaks relvaomanikel hoiustada rohkem laskemoona | Eesti"},"content":{"rendered":"<p>Valitsus algatas relvaseaduse muutmise eeln\u00f5u, millega soovib n\u00e4iteks eraisikule anda \u00f5iguse omada rohkem moona. Advokaadi ja relvaseaduse eestk\u00f5neleja Aku Soraneini s\u00f5nul oleks muudatused samm \u00f5iges suunas, ent seadusesse j\u00e4\u00e4ks siiski ka vajakaj\u00e4\u00e4misi.<\/p>\n<p>Eeln\u00f5u kohaselt soovib valitsus n\u00e4iteks suurendada relvaomanikele lubatud laskemoona mahtu. Kui praegu on lubatud sportrelvade puhul hoiustada kuni 5000 padrunit, siis eeln\u00f5u j\u00f5ustumisel oleks uus number 10 000.<\/p>\n<p>Jahirelvade puhul oleks sama number 1000, hetkel on lubatud 300 padrunit.<\/p>\n<p>Mahu t\u00f5stmise p\u00f5hjuseks on eeln\u00f5u kohaselt Ukraina s\u00f5ja kogemus. Nimelt tekkis s\u00f5ja alguse j\u00e4rel laskemoonaga tarneraskuseid.<\/p>\n<p>Valitsuse hinnangul t\u00e4hendaks suurem lubatud laskemoona kogus harvemaid oste ja v\u00e4iksemat s\u00f5ltuvust tarneraskustest, mis tagaks omakorda parema valmisoleku kriisiolukordadeks.<\/p>\n<p>Samamoodi muudaks eeln\u00f5u valitsuse hinnangul lihtsamaks relvade registreerimise, transpordi ja hoiustamise.<\/p>\n<p>Kui varem oli relvasoetamisloa realiseerimiseks aega kolm kuud, siis eeln\u00f5u kohaselt oleks edaspidi selleks aega poole kauem ehk kuus kuud.<\/p>\n<p>Lastele relvi k\u00e4tte ei taheta anda<\/p>\n<p>Sorainen on juba aastaid r\u00e4\u00e4kinud relvaseaduse muutmisest riigikaitselistel eesm\u00e4rkidel. Tema s\u00f5nul on seaduseeln\u00f5us plaanitavad muutused \u00f5iged, samas on j\u00e4tkuvalt seadustikus kohti mida peaks muutma.<\/p>\n<p>&#8220;Eestis on relvaloa kehtetuks tunnistamine j\u00e4tkuvalt v\u00e4ga j\u00e4ik,&#8221; selgitas Sorainen.<\/p>\n<p>Advokaadi s\u00f5nul puudub Eestis relvaloa omanike v\u00e4iksemate rikkumiste puhul politseil kaalutlus\u00f5igus. N\u00e4iteks kaotab isik relvaloa kui too tabatakse mootors\u00f5idukit v\u00f5i \u00f5hus\u00f5idukit juhtimast alkoholi v\u00f5i narkootilise aine m\u00f5ju all.<\/p>\n<p>Soraineni s\u00f5nul on aga v\u00e4iksemate rikkumiste puhul n\u00e4iteks Soomes sellisel juhul kaalutlus\u00f5igus politseil, Eestis mitte.<\/p>\n<p>Samamoodi on Soraineni hinnangul p\u00f5hjendamatu, et sotsiaalministeerium sooviks laste relvak\u00e4sitlemise \u00f5igust karmistada. Selle taga on \u00dcRO lapse \u00f5iguste komitee seisukohad, millega tehti Eestile soovitus keelata lastele \u00fcldine tulirelvade kasutamine.<\/p>\n<p>&#8220;Selle eesm\u00e4rk on n\u00e4iteks kaitsta noori lapss\u00f5duriteks saamise eest, ent Eesti puhul on see selge liialdus,&#8221; \u00fctles Sorainen.<\/p>\n<p>Tema s\u00f5nul p\u00e4rsib selline raamistik pigem lihtsalt relvakultuuri arengut Eestis.<\/p>\n<p>Eestis on hinnanguliselt 25 000 kehtiva relvaloaga inimest ning mitutuhat relvade k\u00e4itlemisega tegelevat juriidilist isikut.<\/p>\n<p>Small Arms Survey 2018. aasta uuringu andmetel oli Eestis eraisikute omanduses ligikaudu 4,9 relva 100 elaniku kohta. Soomes oli sama number n\u00e4iteks 32,4.<\/p>\n","protected":false},"excerpt":{"rendered":"Valitsus algatas relvaseaduse muutmise eeln\u00f5u, millega soovib n\u00e4iteks eraisikule anda \u00f5iguse omada rohkem moona. Advokaadi ja relvaseaduse eestk\u00f5neleja&hellip;\n","protected":false},"author":2,"featured_media":135979,"comment_status":"","ping_status":"","sticky":false,"template":"","format":"standard","meta":{"footnotes":"","_share_on_mastodon":"0"},"categories":[12],"tags":[61271,26,27,37,33,35,34,36,31,32,21,28,29,1131,19,25,32880,34609,61272,61273,23,24,22,20,30],"class_list":["post-135978","post","type-post","status-publish","format-standard","has-post-thumbnail","category-eesti","tag-aku-sorainen","tag-breaking-news","tag-breakingnews","tag-ee","tag-eesti","tag-eesti-keel","tag-estonia","tag-estonian","tag-featured-news","tag-featurednews","tag-headlines","tag-latest-news","tag-latestnews","tag-margus-tsahkna","tag-news","tag-populaarseimad-lood","tag-relvaluba","tag-relvaseadus","tag-relvaseadused","tag-soome-relvaseadus","tag-top-stories","tag-topstories","tag-uldised-uudised","tag-uudised","tag-viimased-uudised"],"share_on_mastodon":{"url":"https:\/\/pubeurope.com\/@ee\/116277565464988256","error":""},"_links":{"self":[{"href":"https:\/\/www.europesays.com\/ee\/wp-json\/wp\/v2\/posts\/135978","targetHints":{"allow":["GET"]}}],"collection":[{"href":"https:\/\/www.europesays.com\/ee\/wp-json\/wp\/v2\/posts"}],"about":[{"href":"https:\/\/www.europesays.com\/ee\/wp-json\/wp\/v2\/types\/post"}],"author":[{"embeddable":true,"href":"https:\/\/www.europesays.com\/ee\/wp-json\/wp\/v2\/users\/2"}],"replies":[{"embeddable":true,"href":"https:\/\/www.europesays.com\/ee\/wp-json\/wp\/v2\/comments?post=135978"}],"version-history":[{"count":0,"href":"https:\/\/www.europesays.com\/ee\/wp-json\/wp\/v2\/posts\/135978\/revisions"}],"wp:featuredmedia":[{"embeddable":true,"href":"https:\/\/www.europesays.com\/ee\/wp-json\/wp\/v2\/media\/135979"}],"wp:attachment":[{"href":"https:\/\/www.europesays.com\/ee\/wp-json\/wp\/v2\/media?parent=135978"}],"wp:term":[{"taxonomy":"category","embeddable":true,"href":"https:\/\/www.europesays.com\/ee\/wp-json\/wp\/v2\/categories?post=135978"},{"taxonomy":"post_tag","embeddable":true,"href":"https:\/\/www.europesays.com\/ee\/wp-json\/wp\/v2\/tags?post=135978"}],"curies":[{"name":"wp","href":"https:\/\/api.w.org\/{rel}","templated":true}]}}