{"id":136043,"date":"2026-03-23T09:37:06","date_gmt":"2026-03-23T09:37:06","guid":{"rendered":"https:\/\/www.europesays.com\/ee\/136043\/"},"modified":"2026-03-23T09:37:06","modified_gmt":"2026-03-23T09:37:06","slug":"palgavaidlus-hispaanias-tootajate-streik-voib-lennud-pikalt-edasi-lukata","status":"publish","type":"post","link":"https:\/\/www.europesays.com\/ee\/136043\/","title":{"rendered":"Palgavaidlus Hispaanias: t\u00f6\u00f6tajate streik v\u00f5ib lennud pikalt edasi l\u00fckata"},"content":{"rendered":"<p>Hispaania ameti\u00fchingud on kutsunud lennujaamade t\u00f6\u00f6tajaid \u00fcles t\u00f6\u00f6seisakule, et n\u00f5uda paremaid palku ja t\u00f6\u00f6tingimusi. Streikima hakkavad t\u00f6\u00f6tajad, kes vastutavad pagasi k\u00e4itlemise, lennukite uueks lennuks ettevalmistamise ja reisijate pardale aitamise eest.<\/p>\n<p>K\u00f5ige varem, juba sel reedel, 27. m\u00e4rtsil alustavad 12 lennujaamas t\u00e4htajatut streiki ettev\u00f5tte Groundforce t\u00f6\u00f6tajad. Nende t\u00f6\u00f6seisakud hakkavad toimuma esmasp\u00e4eviti, kolmap\u00e4eviti ja reedeti kolmes ajavahemikus: varahommikul kell 5\u20137, p\u00e4eval kell 11\u201317 ja hilis\u00f5htul kell 22\u201324.<\/p>\n<p>Teised maapealsed t\u00f6\u00f6tajad on kavandanud \u00f6\u00f6p\u00e4evased streigid 28.\u201329. m\u00e4rtsiks ning 2.\u20136. aprilliks. Ameti\u00fchingud on hoiatanud, et kui kokkuleppeni ei j\u00f5uta, v\u00f5ivad sarnased streigid j\u00e4tkuda aasta l\u00f5puni.<\/p>\n<p>T\u00f6\u00f6seisak puudutab paljusid Hispaania k\u00f5ige tihedama liiklusega lennujaamu. M\u00f5jutatud on nii mandri suurimad s\u00f5lmed nagu Madrid, Barcelona, M\u00e1laga, Alicante, Valencia ja Bilbao, kui ka puhkajate seas populaarsed Mallorca, Ibiza ja Kanaari saarte (Tenerife, Gran Canaria, Lanzarote, Fuerteventura) lennujaamad.<\/p>\n<p>Kuigi Hispaania seaduste kohaselt peab lennujaamades olema alati tagatud miinimumteenus ja lennud \u00fcldjuhul toimuvad, tuleb reisijatel valmis olla pikkadeks j\u00e4rjekordadeks ja graafikumuudatusteks. Personalipuuduse t\u00f5ttu v\u00f5tab nii check-in, pagasi \u00e4raandmine kui ka lennukite teenindamine tavap\u00e4rasest oluliselt kauem aega. Seet\u00f5ttu soovitatakse reisijatel minna lennujaama varakult, j\u00e4lgida jooksvalt oma lennu staatust ning v\u00f5imalusel reisida vaid k\u00e4sipagasiga.<\/p>\n<p>Kuidas see lugu Sind end tundma pani? Saada <a href=\"https:\/\/reisijuht.delfi.ee\/artikkel\/120444040\/palgavaidlus-hispaanias-tootajate-streik-voib-lennud-pikalt-edasi-lukata\/kommentaarid\" class=\"article-body-bottom__comment article-body-bottom__comment--write button button--primary button--size-auto\" rel=\"nofollow noopener\" target=\"_blank\"> Kommenteeri <\/a><a href=\"https:\/\/reisijuht.delfi.ee\/artikkel\/120444040\/palgavaidlus-hispaanias-tootajate-streik-voib-lennud-pikalt-edasi-lukata\/kommentaarid\" class=\"article-body-bottom__comment article-body-bottom__comment--read button button--size-auto\" rel=\"nofollow noopener\" target=\"_blank\"> Loe kommentaare <\/a><\/p>\n","protected":false},"excerpt":{"rendered":"Hispaania ameti\u00fchingud on kutsunud lennujaamade t\u00f6\u00f6tajaid \u00fcles t\u00f6\u00f6seisakule, et n\u00f5uda paremaid palku ja t\u00f6\u00f6tingimusi. Streikima hakkavad t\u00f6\u00f6tajad, kes&hellip;\n","protected":false},"author":2,"featured_media":136044,"comment_status":"","ping_status":"","sticky":false,"template":"","format":"standard","meta":{"footnotes":"","_share_on_mastodon":"0"},"categories":[80],"tags":[26,27,37,33,35,34,36,31,32,21,110,28,29,1768,95,19,25,1250,1262,1766,23,24,22,20,30,92,93,94],"class_list":["post-136043","post","type-post","status-publish","format-standard","has-post-thumbnail","category-maailm","tag-breaking-news","tag-breakingnews","tag-ee","tag-eesti","tag-eesti-keel","tag-estonia","tag-estonian","tag-featured-news","tag-featurednews","tag-headlines","tag-hispaania","tag-latest-news","tag-latestnews","tag-lennureis","tag-maailm","tag-news","tag-populaarseimad-lood","tag-reisimine","tag-streik","tag-tallinna-lennujaam","tag-top-stories","tag-topstories","tag-uldised-uudised","tag-uudised","tag-viimased-uudised","tag-world","tag-world-news","tag-worldnews"],"share_on_mastodon":{"url":"https:\/\/pubeurope.com\/@ee\/116277821068752230","error":""},"_links":{"self":[{"href":"https:\/\/www.europesays.com\/ee\/wp-json\/wp\/v2\/posts\/136043","targetHints":{"allow":["GET"]}}],"collection":[{"href":"https:\/\/www.europesays.com\/ee\/wp-json\/wp\/v2\/posts"}],"about":[{"href":"https:\/\/www.europesays.com\/ee\/wp-json\/wp\/v2\/types\/post"}],"author":[{"embeddable":true,"href":"https:\/\/www.europesays.com\/ee\/wp-json\/wp\/v2\/users\/2"}],"replies":[{"embeddable":true,"href":"https:\/\/www.europesays.com\/ee\/wp-json\/wp\/v2\/comments?post=136043"}],"version-history":[{"count":0,"href":"https:\/\/www.europesays.com\/ee\/wp-json\/wp\/v2\/posts\/136043\/revisions"}],"wp:featuredmedia":[{"embeddable":true,"href":"https:\/\/www.europesays.com\/ee\/wp-json\/wp\/v2\/media\/136044"}],"wp:attachment":[{"href":"https:\/\/www.europesays.com\/ee\/wp-json\/wp\/v2\/media?parent=136043"}],"wp:term":[{"taxonomy":"category","embeddable":true,"href":"https:\/\/www.europesays.com\/ee\/wp-json\/wp\/v2\/categories?post=136043"},{"taxonomy":"post_tag","embeddable":true,"href":"https:\/\/www.europesays.com\/ee\/wp-json\/wp\/v2\/tags?post=136043"}],"curies":[{"name":"wp","href":"https:\/\/api.w.org\/{rel}","templated":true}]}}