{"id":136087,"date":"2026-03-23T10:23:14","date_gmt":"2026-03-23T10:23:14","guid":{"rendered":"https:\/\/www.europesays.com\/ee\/136087\/"},"modified":"2026-03-23T10:23:14","modified_gmt":"2026-03-23T10:23:14","slug":"ministeerium-raiub-kui-rauda-et-hind-ei-touse-touseb-ju","status":"publish","type":"post","link":"https:\/\/www.europesays.com\/ee\/136087\/","title":{"rendered":"ministeerium raiub kui rauda, et hind ei t\u00f5use. T\u00f5useb ju!"},"content":{"rendered":"<p class=\"Paragraph SCXW18092409 BCX8\">Praegu on avalikkuse t\u00e4helepanu liikunud teisele, veelgi k\u00e4egakatsutavamale probleemile: j\u00e4\u00e4tmeveo hind tarbijale. Tallinna abilinnapea Kristjan J\u00e4rvan sai v\u00e4idetega, et segaolmej\u00e4\u00e4tmete k\u00e4itlemise hind v\u00f5ib Tallinnas t\u00f5usta kuni 75 protsenti, ootamatu pahameele osaliseks. Justkui Tallinn sooviks ise hinda t\u00f5sta. Nii see ei ole. K\u00fcll aga vaidleb kliimaministeerium talle endiselt vastu ja r\u00f5hutab, et reformi loogika on lihtne: kui inimesed hakkavad rohkem liigiti koguma, v\u00e4heneb segaolmej\u00e4\u00e4tmete maht ning kulud p\u00fcsivad kontrolli all.<\/p>\n","protected":false},"excerpt":{"rendered":"Praegu on avalikkuse t\u00e4helepanu liikunud teisele, veelgi k\u00e4egakatsutavamale probleemile: j\u00e4\u00e4tmeveo hind tarbijale. Tallinna abilinnapea Kristjan J\u00e4rvan sai v\u00e4idetega,&hellip;\n","protected":false},"author":2,"featured_media":136088,"comment_status":"","ping_status":"","sticky":false,"template":"","format":"standard","meta":{"footnotes":"","_share_on_mastodon":"0"},"categories":[5],"tags":[26,27,37,33,35,34,36,31,32,21,43,323,9896,41754,28,29,14994,19,61317,25,11583,24647,20407,23,24,22,20,30],"class_list":["post-136087","post","type-post","status-publish","format-standard","has-post-thumbnail","category-uldised-uudised","tag-breaking-news","tag-breakingnews","tag-ee","tag-eesti","tag-eesti-keel","tag-estonia","tag-estonian","tag-featured-news","tag-featurednews","tag-headlines","tag-hinnatous","tag-inimesed","tag-jaatmed","tag-kogumine","tag-latest-news","tag-latestnews","tag-ministeerium","tag-news","tag-pakendite","tag-populaarseimad-lood","tag-reform","tag-ringlus","tag-tallinna","tag-top-stories","tag-topstories","tag-uldised-uudised","tag-uudised","tag-viimased-uudised"],"share_on_mastodon":{"url":"https:\/\/pubeurope.com\/@ee\/116278001818789805","error":""},"_links":{"self":[{"href":"https:\/\/www.europesays.com\/ee\/wp-json\/wp\/v2\/posts\/136087","targetHints":{"allow":["GET"]}}],"collection":[{"href":"https:\/\/www.europesays.com\/ee\/wp-json\/wp\/v2\/posts"}],"about":[{"href":"https:\/\/www.europesays.com\/ee\/wp-json\/wp\/v2\/types\/post"}],"author":[{"embeddable":true,"href":"https:\/\/www.europesays.com\/ee\/wp-json\/wp\/v2\/users\/2"}],"replies":[{"embeddable":true,"href":"https:\/\/www.europesays.com\/ee\/wp-json\/wp\/v2\/comments?post=136087"}],"version-history":[{"count":0,"href":"https:\/\/www.europesays.com\/ee\/wp-json\/wp\/v2\/posts\/136087\/revisions"}],"wp:featuredmedia":[{"embeddable":true,"href":"https:\/\/www.europesays.com\/ee\/wp-json\/wp\/v2\/media\/136088"}],"wp:attachment":[{"href":"https:\/\/www.europesays.com\/ee\/wp-json\/wp\/v2\/media?parent=136087"}],"wp:term":[{"taxonomy":"category","embeddable":true,"href":"https:\/\/www.europesays.com\/ee\/wp-json\/wp\/v2\/categories?post=136087"},{"taxonomy":"post_tag","embeddable":true,"href":"https:\/\/www.europesays.com\/ee\/wp-json\/wp\/v2\/tags?post=136087"}],"curies":[{"name":"wp","href":"https:\/\/api.w.org\/{rel}","templated":true}]}}