{"id":136183,"date":"2026-03-23T12:19:07","date_gmt":"2026-03-23T12:19:07","guid":{"rendered":"https:\/\/www.europesays.com\/ee\/136183\/"},"modified":"2026-03-23T12:19:07","modified_gmt":"2026-03-23T12:19:07","slug":"margit-mutso-karp-pole-oma-toode-suhtes-uhti-nii-tundetu-arhitektuur","status":"publish","type":"post","link":"https:\/\/www.europesays.com\/ee\/136183\/","title":{"rendered":"Margit Mutso: Karp pole oma t\u00f6\u00f6de suhtes \u00fchti nii tundetu | Arhitektuur"},"content":{"rendered":"<p>&#8220;Tema projektid on k\u00f5ik kenasti arhiveeritud, kindlalt omal kohal, kiirelt leitavad \u2013 ei viita just \u00fcksk\u00f5iksusele? Arhitekti pilgule valesti k\u00e4ivad aknad eramajal p\u00e4lvivad kiire kriitika \u2013 ei \u00fctle ta, et omaniku asi, tehku mis tahab&#8221;, kirjutab Margit Mutso arhitektuurikommentaaris.<\/p>\n<p>Arhitektid satuvad filmi harva, veel harvem portreefilmi peategelaseks. Sestap on p\u00f5hjust r\u00f5\u00f5mu tunda, et noor re\u017eiss\u00f6\u00f6r Keiti V\u00e4liste on saanud valmis tunniajase dokumentaalfilmi \u00fchest meie ehk k\u00f5ige enam k\u00f5ne all olnud arhitektist Raine Karbist.<\/p>\n<p>P\u00f5hjus, miks loomult tagasihoidlik Karp ikka ja j\u00e4lle \u00fchiskonna huviorbiiti satub on tema n\u00f5ukogude perioodil valminud suurteosed: Sakala keskus, Eesti Rahvusraamatukogu ja muidugi linnahall. Monumentaalsed hooned meenutavad m\u00f6\u00f6dunut, tekitavad tundeid, m\u00f5tteid ja k\u00fcsimusi. Kindlasti oleks emotsioone v\u00e4hem, kui suurteosed paikneksid kuskil tagahoovis, aga n\u00f5ukogude ajal ei rajatud suuri \u00fchiskondlikke hooneid linnaserva.<\/p>\n<p>Saaremaa dolomiidiga kaetud postmodernne Sakala keskus, neist kolmest k\u00f5ige parema ehituskvaliteedi ja oma ajastu originaalsisustusega, m\u00f5isteti valitsuse 2003. aasta otsusega pr\u00fcgiks ja tolmuks. Kesklinna krunt koos t\u00fclika majaga l\u00e4ks erak\u00e4tesse, selle \u00fcmber lahvatasid piinlikud poliitm\u00e4ngud ja maja ei aidanud p\u00e4\u00e4sta ei protestid ega palvekirjad. P\u00e4ris absurdne on t\u00e4nase s\u00e4\u00e4stliku ehitamise kontekstis Sakala saagale tagasi vaadata.<\/p>\n<p>Eesti Rahvusraamatukogul, mida ma isiklikult pean nimetatud kolmest k\u00f5ige n\u00f5rgema linnaehitusliku kontseptsiooni ja arhitektuuriga lahenduseks, on vedanud \u2013 see on l\u00e4binud p\u00f5hjaliku renoveerimiskuuri ning j\u00e4rgmise aasta s\u00fcgisel avatakse seal 15\u00a0000 ruutmeetrit pinda loome- ja \u00f5ppetegevuseks ning vaba aja veetmiseks.<\/p>\n<p>Ja siis see linnahall&#8230; Linnahall on Raine Karbi suurteostest vaieldamatult parim. Seda nii oma arhitektuurikontseptsiooni ja linnaehitusliku paigutuse poolest kui ka linna \u00fche ajalooetapi markeerijana.<\/p>\n<p>Hiiglaslik amfiteatri t\u00fc\u00fcpi saal, mis on peidetud bastionilaadsesse kehandisse, \u00fcle mille v\u00f5ib trepiastmeid pidi jalutada hoone katustele, kust avanevad vaated merele ja linnale ning ehitise alt l\u00e4bikulgev raudtee \u2013 selles k\u00f5iges on suurt vaimu, aga v\u00e4he edevust.<\/p>\n<p>Karbile m\u00f5eldes kummitab mind \u00fcks seos, mida peategelane kindlasti ise eitaks \u2013 kui Eestis on kedagi, kelle puhul v\u00f5iks otsida Louis Kahni m\u00f5jutusi, siis v\u00f5iks see olla Raine Karp. Tema hoonete tugev monumentaalsus, nende metaf\u00fc\u00fcsiline poeesia, mille loovad arhitektuuri narratiivsus, n\u00e4iline lihtsus, r\u00fctmilised avad v\u00f5i tummad kivifassaadid \u2013 see v\u00e4gisi meenutab Kahni loomingut.<\/p>\n<p>1973. aastal k\u00fclastas Karp n\u00f5ukogude arhitektide delegatsiooniga Ameerikat ja Philadelphias k\u00e4idi \u00e4ra ka Kahni kontoris. Kahni endaga delegatsioonil paraku kohtuda ei \u00f5nnestunud, arhitekt oli Karbi s\u00f5nul venelaste eest linnavalitsusse p\u00f5genenud.<\/p>\n<p>Karp \u00fctleb filmis, et ta pole mingi kunstnik ega linnaplaneerija, pigem konstruktor, kes lahendab konkreetset \u00fclesannet \u2013 kui oled sellise megastruktuuri loonud, siis v\u00f5idki tagasihoidlik olla \u2013 linnahalli linnaehituslik paigutus r\u00e4\u00e4gib aga pigem vastupidist \u2013 hoone paikneb suures plaanis Viru hotelli teljel, mis oleks v\u00f5inud visuaalselt \u00fchendada kaks oma aja s\u00fcmboolset hoonet. Edasiste planeeringute k\u00e4igus seda telge aga ei arvestatud.<\/p>\n<p>Karp on oma esinemistes alati v\u00e4ltinud emotsioone. Tundub, et ei huvita teda teiste arvamused ja ka oma teostesse suhtub pealtn\u00e4ha \u00fcksk\u00f5ikselt. Tahate mu hooneid lammutada? Lammutage! Need pole ju minu omad! Ei, tema ei asu oma majade eest v\u00f5itlusesse, ilmselt oleks see suurele mehele alandav. Seda \u00fcksk\u00f5ikset emotsioonitut joont hoiab ta kogu filmi v\u00e4ltel. V\u00e4hemalt p\u00fc\u00fcab hoida.<\/p>\n<p>Aga noor re\u017eiss\u00f6\u00f6r on p\u00fc\u00fcdnud kaamerasse pisut enam, kui vana arhitekt teadlikult laseb v\u00e4lja paista. Filmi l\u00f5puks on t\u00e4helepanelikul vaatajal selge, et pole see Karp oma t\u00f6\u00f6de suhtes \u00fchti nii tundetu ja \u00fcksk\u00f5ikne.<\/p>\n<p>Tema projektid on k\u00f5ik kenasti arhiveeritud, kindlalt omal kohal, kiirelt leitavad \u2013 ei viita just \u00fcksk\u00f5iksusele? Arhitekti pilgule valesti k\u00e4ivad aknad eramajal p\u00e4lvivad kiire kriitika \u2013 ei \u00fctle ta, et omaniku asi, tehku mis tahab. Arhiivikaadrites kunagisest nn \u00f5ukonnaarhitekti tiitlist r\u00e4\u00e4kides on tal raskusi kibestunud noote peita. Ja ka Sakala lammutamisest r\u00e4\u00e4kides ei lase kurb-kibe toon end s\u00f5nadest varjutada.<\/p>\n<p>Linnahall on siiani Eestis ainus maja, mis on p\u00e4lvinud Rahvusvahelise Arhitektide Liidu UIA kongressi &#8220;Interarch&#8221; peapreemia ja kuldmedali. Ja ainus, mille p\u00e4rast on siia kohale s\u00f5itnud Hollywoodi v\u00f5ttegrupp. Filmis kahjuks seda m\u00e4rgitud ei ole, k\u00fcll aga n\u00e4eb seal arhitekti imestava pilgu all hoonesse tr\u00fcgivaid turiste, neid on palju.<\/p>\n<p>On \u00fcks v\u00e4ike, aga oluline n\u00fcanss, mis mind filmis h\u00e4irib \u2013 mitmetel hoonetel, sealhulgas ka linnahallil ja Sakala keskusel on lisaks Karbile ka teine autor, samuti sisearhitektid, paraku on nemad filmist k\u00f5rvale j\u00e4\u00e4nud.<\/p>\n<p>N\u00f5ukogude ajal teati, et filmi abil on v\u00f5imalik m\u00f5jutada suuri inimgruppe, kujundada poliitikat, kasvatada noori n-\u00f6 sobivas suunas jne. Loodan, et ka filmil &#8220;Karp&#8221; on suur m\u00f5ju. Nii suur, et me ei pea enam selgitama miks linnahalli lammutamine oleks vale, et mitte \u00f6elda kuritahtlik. Kui vaid poliitika k\u00f5rvalt j\u00e4\u00e4ks poliitikutel aega kinno minna!<\/p>\n","protected":false},"excerpt":{"rendered":"&#8220;Tema projektid on k\u00f5ik kenasti arhiveeritud, kindlalt omal kohal, kiirelt leitavad \u2013 ei viita just \u00fcksk\u00f5iksusele? Arhitekti pilgule&hellip;\n","protected":false},"author":2,"featured_media":136184,"comment_status":"","ping_status":"","sticky":false,"template":"","format":"standard","meta":{"footnotes":"","_share_on_mastodon":"0"},"categories":[16],"tags":[22186,37,33,35,173,34,36,11494,140,39637],"class_list":["post-136183","post","type-post","status-publish","format-standard","has-post-thumbnail","category-meelelahutus","tag-arhitektuurikommentaar","tag-ee","tag-eesti","tag-eesti-keel","tag-entertainment","tag-estonia","tag-estonian","tag-margit-mutso","tag-meelelahutus","tag-raine-karp"],"share_on_mastodon":{"url":"https:\/\/pubeurope.com\/@ee\/116278458020720487","error":""},"_links":{"self":[{"href":"https:\/\/www.europesays.com\/ee\/wp-json\/wp\/v2\/posts\/136183","targetHints":{"allow":["GET"]}}],"collection":[{"href":"https:\/\/www.europesays.com\/ee\/wp-json\/wp\/v2\/posts"}],"about":[{"href":"https:\/\/www.europesays.com\/ee\/wp-json\/wp\/v2\/types\/post"}],"author":[{"embeddable":true,"href":"https:\/\/www.europesays.com\/ee\/wp-json\/wp\/v2\/users\/2"}],"replies":[{"embeddable":true,"href":"https:\/\/www.europesays.com\/ee\/wp-json\/wp\/v2\/comments?post=136183"}],"version-history":[{"count":0,"href":"https:\/\/www.europesays.com\/ee\/wp-json\/wp\/v2\/posts\/136183\/revisions"}],"wp:featuredmedia":[{"embeddable":true,"href":"https:\/\/www.europesays.com\/ee\/wp-json\/wp\/v2\/media\/136184"}],"wp:attachment":[{"href":"https:\/\/www.europesays.com\/ee\/wp-json\/wp\/v2\/media?parent=136183"}],"wp:term":[{"taxonomy":"category","embeddable":true,"href":"https:\/\/www.europesays.com\/ee\/wp-json\/wp\/v2\/categories?post=136183"},{"taxonomy":"post_tag","embeddable":true,"href":"https:\/\/www.europesays.com\/ee\/wp-json\/wp\/v2\/tags?post=136183"}],"curies":[{"name":"wp","href":"https:\/\/api.w.org\/{rel}","templated":true}]}}