{"id":136187,"date":"2026-03-23T12:21:11","date_gmt":"2026-03-23T12:21:11","guid":{"rendered":"https:\/\/www.europesays.com\/ee\/136187\/"},"modified":"2026-03-23T12:21:11","modified_gmt":"2026-03-23T12:21:11","slug":"eesti-toojoukulude-kasv-oli-neljandas-kvartalis-euroopa-liidu-keskmisest-kiirem","status":"publish","type":"post","link":"https:\/\/www.europesays.com\/ee\/136187\/","title":{"rendered":"Eesti t\u00f6\u00f6j\u00f5ukulude kasv oli neljandas kvartalis Euroopa Liidu keskmisest kiirem"},"content":{"rendered":"<p>\n                        Eelmise aasta neljandas kvartalis kasvasid Eestis tunnip\u00f5hised t\u00f6\u00f6j\u00f5ukulud aastav\u00f5rdluses 5,2 protsenti, samas euroalal oli kasv 3,3 protsenti ning Euroopa Liidus tervikuna 3,7 protsenti.\u00a0<\/p>\n<p>T\u00f5\u00f6j\u00f5ukulude peamised komponendid on palgakulu, mis kasvas euroalal neljandas kvartalis aastav\u00f5rdluses 3 protsenti, ja muud t\u00f6\u00f6j\u00f5ukulud, mis kasvasid 4,4 protsendi v\u00f5rra. Euroopa Liidus kasvas palgakulu 3,4 protsenti ning muud t\u00f6\u00f6j\u00f5ukulud 4,5 protsenti. Eestis olid kasv vastavalt 5,4 ja 4,8 protsenti, teatas Eurostat.<\/p>\n<p>K\u00f5ige kiirem oli tunnipalga aastane kasvutempo eelmises kvartalis Sloveenias, kus see ulatus 19,1 protsendini. J\u00e4rgnesid Bulgaaria 13,8 protsendiga ja Horvaatia 10,5 protsendiga.<\/p>\n<p>V\u00e4ikseim oli palgakasv 1,1 protsendiga Prantsusmaal ja 2,3 protsendiga Itaalias, samas kui Maltal registreeriti 3,9-protsendine langus.<\/p>\n","protected":false},"excerpt":{"rendered":"Eelmise aasta neljandas kvartalis kasvasid Eestis tunnip\u00f5hised t\u00f6\u00f6j\u00f5ukulud aastav\u00f5rdluses 5,2 protsenti, samas euroalal oli kasv 3,3 protsenti ning&hellip;\n","protected":false},"author":2,"featured_media":136188,"comment_status":"","ping_status":"","sticky":false,"template":"","format":"standard","meta":{"footnotes":"","_share_on_mastodon":"0"},"categories":[14],"tags":[131,130,37,33,35,34,36,1968,61383,2161],"class_list":["post-136187","post","type-post","status-publish","format-standard","has-post-thumbnail","category-ari","tag-ari","tag-business","tag-ee","tag-eesti","tag-eesti-keel","tag-estonia","tag-estonian","tag-palgakasv","tag-toojoukulud","tag-tooturg"],"share_on_mastodon":{"url":"https:\/\/pubeurope.com\/@ee\/116278465916468031","error":""},"_links":{"self":[{"href":"https:\/\/www.europesays.com\/ee\/wp-json\/wp\/v2\/posts\/136187","targetHints":{"allow":["GET"]}}],"collection":[{"href":"https:\/\/www.europesays.com\/ee\/wp-json\/wp\/v2\/posts"}],"about":[{"href":"https:\/\/www.europesays.com\/ee\/wp-json\/wp\/v2\/types\/post"}],"author":[{"embeddable":true,"href":"https:\/\/www.europesays.com\/ee\/wp-json\/wp\/v2\/users\/2"}],"replies":[{"embeddable":true,"href":"https:\/\/www.europesays.com\/ee\/wp-json\/wp\/v2\/comments?post=136187"}],"version-history":[{"count":0,"href":"https:\/\/www.europesays.com\/ee\/wp-json\/wp\/v2\/posts\/136187\/revisions"}],"wp:featuredmedia":[{"embeddable":true,"href":"https:\/\/www.europesays.com\/ee\/wp-json\/wp\/v2\/media\/136188"}],"wp:attachment":[{"href":"https:\/\/www.europesays.com\/ee\/wp-json\/wp\/v2\/media?parent=136187"}],"wp:term":[{"taxonomy":"category","embeddable":true,"href":"https:\/\/www.europesays.com\/ee\/wp-json\/wp\/v2\/categories?post=136187"},{"taxonomy":"post_tag","embeddable":true,"href":"https:\/\/www.europesays.com\/ee\/wp-json\/wp\/v2\/tags?post=136187"}],"curies":[{"name":"wp","href":"https:\/\/api.w.org\/{rel}","templated":true}]}}