{"id":136189,"date":"2026-03-23T12:22:08","date_gmt":"2026-03-23T12:22:08","guid":{"rendered":"https:\/\/www.europesays.com\/ee\/136189\/"},"modified":"2026-03-23T12:22:08","modified_gmt":"2026-03-23T12:22:08","slug":"toomas-alatalu-trumpi-uus-ahvardus-groonimaa-ja-kharki-saare-aravotmisest-tuletab-meelde-oppetunde-mida-ei-tohi-unustada-arvamus","status":"publish","type":"post","link":"https:\/\/www.europesays.com\/ee\/136189\/","title":{"rendered":"TOOMAS ALATALU Trumpi uus \u00e4hvardus Gr\u00f6\u00f6nimaa ja Kharki saare \u00e4rav\u00f5tmisest tuletab meelde \u00f5ppetunde, mida ei tohi unustada &#8211; Arvamus"},"content":{"rendered":"<ol>\n<li><a href=\"https:\/\/news.google.com\/rss\/articles\/CBMi7gFBVV95cUxPS2xtQzlvN01QWXJmWEJsZUxkX1RWd0ZLZ3FhTHJvX19tcFg4UTR1OE4ydlRBUHZfN1FfTjBlQ2J2aWJydWZER1F2THoyUWREdnZPZ1BGUjJvZWVqWmQxUGVGUmg4TkdqZ2ItQnQ0Y2hHQlBQMnJEb3pzczEtSkZfMDJLaGIyM0ZxeWg4UmdrX0pEMzhBeG40S3h4NmlYQWNYLVpPeGhoWk4tLVJaeTVpNmtjLXZZb2FHRlB1R2VGYWRVb3Q0aXB6M2k3c21BSEhUUlVpNjVhQ080NTdLS3pkZF84dzVJNW80ckVOYi13?oc=5\" target=\"_blank\" rel=\"nofollow noopener\">TOOMAS ALATALU Trumpi uus \u00e4hvardus Gr\u00f6\u00f6nimaa ja Kharki saare \u00e4rav\u00f5tmisest tuletab meelde \u00f5ppetunde, mida ei tohi unustada<\/a>&nbsp;&nbsp;Arvamus<\/li>\n<li><a href=\"https:\/\/news.google.com\/rss\/articles\/CBMiowFBVV95cUxOY3BDUUZ5Z1ZFWDNaWlU0OEttM2ZVdmpEOXN3b1hTYlZkdTlkNkozNmx5SzhxOHRGcUI0YUkyTDU4blVnUDVHXzV0NHRqZUZlcWlGLVFKZVBCbDBiVGw3Y2N1OGE4WVFIM0lkYmpfemNHaS0yR0l1bmN1Tk95TmJHN2FaaWJtWXRxajNMWlgxdkJ5elRFV0pFSFdZSzFBa2tZVE1j?oc=5\" target=\"_blank\" rel=\"nofollow noopener\">Allikad: Taani nn Gr\u00f6\u00f6nimaa \u00f5ppus polnudki \u00f5ppus \u2013 valmistuti USA r\u00fcnnakuks<\/a>&nbsp;&nbsp;eestinen<\/li>\n<li><a href=\"https:\/\/news.google.com\/rss\/articles\/CBMiuwFBVV95cUxOSzNmUFhEZ3ZtRGZnWU5GbDdqRFl4VXZISl82THJMZlE0WmFtMGN1MV9GMVktTjk5SFRQR20teXhQb0Y3NUdkWVJEZnNSUkRtaVE3NU1kQzdETjRYMjEwZ3JnU213OWlSQ1hGekpvbFZ2X0I0UFlIdnNDT3RGZElOOVZGWmxrNWRNWE9VWHlXSGcyNlRObEdVLWwtQVZwam13TWE5MGw5R1F2N3g5SlBERl9QQk9sWXpRNFdJ?oc=5\" target=\"_blank\" rel=\"nofollow noopener\">SALADIIL JA KAOTATUD USALDUS? Trump j\u00e4ttis Gr\u00f6\u00f6nimaa ajutiselt rahule, ent pinged p\u00fcsivad<\/a>&nbsp;&nbsp;\u00d5htuleht<\/li>\n<\/ol>\n","protected":false},"excerpt":{"rendered":"TOOMAS ALATALU Trumpi uus \u00e4hvardus Gr\u00f6\u00f6nimaa ja Kharki saare \u00e4rav\u00f5tmisest tuletab meelde \u00f5ppetunde, mida ei tohi unustada&nbsp;&nbsp;Arvamus Allikad:&hellip;\n","protected":false},"author":2,"featured_media":136190,"comment_status":"","ping_status":"","sticky":false,"template":"","format":"standard","meta":{"footnotes":"","_share_on_mastodon":"0"},"categories":[80],"tags":[587,61384,26,27,324,37,33,35,34,36,31,32,21,326,619,1925,19337,10395,4376,28,29,95,54,19,763,25,3738,23,24,22,20,30,92,93,94],"class_list":["post-136189","post","type-post","status-publish","format-standard","has-post-thumbnail","category-maailm","tag-ameerika-uhendriigid","tag-arakandmine","tag-breaking-news","tag-breakingnews","tag-donald-trump","tag-ee","tag-eesti","tag-eesti-keel","tag-estonia","tag-estonian","tag-featured-news","tag-featurednews","tag-headlines","tag-hiina","tag-iisrael","tag-iraan","tag-jugoslaavia","tag-kosovo","tag-lahis-ida","tag-latest-news","tag-latestnews","tag-maailm","tag-nato","tag-news","tag-palestiina","tag-populaarseimad-lood","tag-putin","tag-top-stories","tag-topstories","tag-uldised-uudised","tag-uudised","tag-viimased-uudised","tag-world","tag-world-news","tag-worldnews"],"share_on_mastodon":{"url":"","error":"Validation failed: Text character limit of 500 exceeded"},"_links":{"self":[{"href":"https:\/\/www.europesays.com\/ee\/wp-json\/wp\/v2\/posts\/136189","targetHints":{"allow":["GET"]}}],"collection":[{"href":"https:\/\/www.europesays.com\/ee\/wp-json\/wp\/v2\/posts"}],"about":[{"href":"https:\/\/www.europesays.com\/ee\/wp-json\/wp\/v2\/types\/post"}],"author":[{"embeddable":true,"href":"https:\/\/www.europesays.com\/ee\/wp-json\/wp\/v2\/users\/2"}],"replies":[{"embeddable":true,"href":"https:\/\/www.europesays.com\/ee\/wp-json\/wp\/v2\/comments?post=136189"}],"version-history":[{"count":0,"href":"https:\/\/www.europesays.com\/ee\/wp-json\/wp\/v2\/posts\/136189\/revisions"}],"wp:featuredmedia":[{"embeddable":true,"href":"https:\/\/www.europesays.com\/ee\/wp-json\/wp\/v2\/media\/136190"}],"wp:attachment":[{"href":"https:\/\/www.europesays.com\/ee\/wp-json\/wp\/v2\/media?parent=136189"}],"wp:term":[{"taxonomy":"category","embeddable":true,"href":"https:\/\/www.europesays.com\/ee\/wp-json\/wp\/v2\/categories?post=136189"},{"taxonomy":"post_tag","embeddable":true,"href":"https:\/\/www.europesays.com\/ee\/wp-json\/wp\/v2\/tags?post=136189"}],"curies":[{"name":"wp","href":"https:\/\/api.w.org\/{rel}","templated":true}]}}