{"id":136215,"date":"2026-03-23T12:45:09","date_gmt":"2026-03-23T12:45:09","guid":{"rendered":"https:\/\/www.europesays.com\/ee\/136215\/"},"modified":"2026-03-23T12:45:09","modified_gmt":"2026-03-23T12:45:09","slug":"riigikogus-kogutakse-vallandatud-ametniku-ennistamiseks-allkirju-postimees","status":"publish","type":"post","link":"https:\/\/www.europesays.com\/ee\/136215\/","title":{"rendered":"Riigikogus kogutakse vallandatud ametniku ennistamiseks allkirju &#8211; Postimees"},"content":{"rendered":"<ol>\n<li><a href=\"https:\/\/news.google.com\/rss\/articles\/CBMingFBVV95cUxNOWl2Y0hlRFViclZXOF9UQTVfNHhtSVI2OVhLX1NFaWF5UC12UzBOZFpXdEFPRmlUdFYxTUJjcjZGOGIzUzNqcV9RczNMUDFxMVdMbXItN29iT0dWeXViX1ZNTmp6MG51bmRTdWE3M2lXVjY5NlpUTnUwOWhNMVFGUndpOC1lUWtkUUFXYUlTdW5TVFNfck1PTHZ0a0pNQQ?oc=5\" target=\"_blank\" rel=\"nofollow noopener\">Riigikogus kogutakse vallandatud ametniku ennistamiseks allkirju<\/a>&nbsp;&nbsp;Postimees<\/li>\n<li><a href=\"https:\/\/news.google.com\/rss\/articles\/CBMipAFBVV95cUxPdlBoNXNHNUxHb0NaeFZKWnB1b1gzaG5MU3J3bDVXLUlIcE1mSkx1ZUgtMGsweXpQS0hfRWJ3RjhPSFB6T3ZoU3NDMmh0cEZQdUNqZlB0NVBWUWxGSnlRU3FZWUxCVGE0WVYta0NjYmVVSXdLYWlLV3NZVjNtRjd5QVU1TXVSd0RfWjRYNmJvbjJtRzZPWndKTkVYYTdWRlRnRHJHeA?oc=5\" target=\"_blank\" rel=\"nofollow noopener\">Kasiinoseaduse vea t\u00f5ttu vallandatud ametnik kavatseb otsuse vaidlustada<\/a>&nbsp;&nbsp;ERR<\/li>\n<li><a href=\"https:\/\/news.google.com\/rss\/articles\/CBMilAFBVV95cUxOM2JIUjlwX01LQjQ1U0FIVFR4bWo0eVdTZ0N5Zl9CT3RQYjU3WDdTQ3VyN0JMOU9WcFYwMmtpdVFRTnVIX2hjejYtZ0dKSFY4YllDNlFxZE1zdHV1SVpJeHN2dUp2N21VWlc3ZkV0WXozd19xalMtM1BWV2t2NWx0dHVaS1djS1NuVThsYk5QREdFdU5M?oc=5\" target=\"_blank\" rel=\"nofollow noopener\">Riigikogu n\u00f5unik kaotas hasartm\u00e4ngumaksu prohmaka p\u00e4rast t\u00f6\u00f6<\/a>&nbsp;&nbsp;ERR<\/li>\n<li><a href=\"https:\/\/news.google.com\/rss\/articles\/CBMitAFBVV95cUxOTGdkNFhiX1NKcHBVNzdaRmtjMEYyMUwzRndmak5DWWdyak9NNnRiaTJLVlhfNW0wcjZNaXR1bko0cER4UjFJVjVXMWRuTXdobkFuSmg0c1pvTnhBd3RxV29KQkpyODNPWHNUVW5CWW0zb2RCb1kzN0dFV3lIb1dRaTJ5YzVXOGtFRFBhTzhndkZ6Qm9STmxPNGJFYm5mdThxcTdRSVpaaDNQaVRRV3k3N3BjWV8?oc=5\" target=\"_blank\" rel=\"nofollow noopener\">Urmet Kook: riigikogu kantselei direktor on auga v\u00e4lja teeninud pressivaenlase tiitli<\/a>&nbsp;&nbsp;ERR<\/li>\n<li><a href=\"https:\/\/news.google.com\/rss\/articles\/CBMiP0FVX3lxTE9ZSGgwNDl3TnczcUdNdDdFc1pVOS12d1dFc3AyVlk3TXlHejRHWmh4eHgtMVpTTk1yZGtBOUNSbw?oc=5\" target=\"_blank\" rel=\"nofollow noopener\">Ott Lumi: ametniku vallandamine kahandab riigikogu usaldusv\u00e4\u00e4rsust<\/a>&nbsp;&nbsp;Uudis.net<\/li>\n<\/ol>\n","protected":false},"excerpt":{"rendered":"Riigikogus kogutakse vallandatud ametniku ennistamiseks allkirju&nbsp;&nbsp;Postimees Kasiinoseaduse vea t\u00f5ttu vallandatud ametnik kavatseb otsuse vaidlustada&nbsp;&nbsp;ERR Riigikogu n\u00f5unik kaotas hasartm\u00e4ngumaksu&hellip;\n","protected":false},"author":2,"featured_media":136216,"comment_status":"","ping_status":"","sticky":false,"template":"","format":"standard","meta":{"footnotes":"","_share_on_mastodon":"0"},"categories":[12],"tags":[4634,26,27,37,33,35,34,36,31,32,21,28,29,61392,19,61393,25,8676,640,10598,23,24,22,20,30],"class_list":["post-136215","post","type-post","status-publish","format-standard","has-post-thumbnail","category-eesti","tag-annely-akkermann","tag-breaking-news","tag-breakingnews","tag-ee","tag-eesti","tag-eesti-keel","tag-estonia","tag-estonian","tag-featured-news","tag-featurednews","tag-headlines","tag-latest-news","tag-latestnews","tag-netikasiinod","tag-news","tag-piia-schults","tag-populaarseimad-lood","tag-rahanduskomisjon","tag-riigikogu","tag-tanel-tein","tag-top-stories","tag-topstories","tag-uldised-uudised","tag-uudised","tag-viimased-uudised"],"share_on_mastodon":{"url":"https:\/\/pubeurope.com\/@ee\/116278560273300338","error":""},"_links":{"self":[{"href":"https:\/\/www.europesays.com\/ee\/wp-json\/wp\/v2\/posts\/136215","targetHints":{"allow":["GET"]}}],"collection":[{"href":"https:\/\/www.europesays.com\/ee\/wp-json\/wp\/v2\/posts"}],"about":[{"href":"https:\/\/www.europesays.com\/ee\/wp-json\/wp\/v2\/types\/post"}],"author":[{"embeddable":true,"href":"https:\/\/www.europesays.com\/ee\/wp-json\/wp\/v2\/users\/2"}],"replies":[{"embeddable":true,"href":"https:\/\/www.europesays.com\/ee\/wp-json\/wp\/v2\/comments?post=136215"}],"version-history":[{"count":0,"href":"https:\/\/www.europesays.com\/ee\/wp-json\/wp\/v2\/posts\/136215\/revisions"}],"wp:featuredmedia":[{"embeddable":true,"href":"https:\/\/www.europesays.com\/ee\/wp-json\/wp\/v2\/media\/136216"}],"wp:attachment":[{"href":"https:\/\/www.europesays.com\/ee\/wp-json\/wp\/v2\/media?parent=136215"}],"wp:term":[{"taxonomy":"category","embeddable":true,"href":"https:\/\/www.europesays.com\/ee\/wp-json\/wp\/v2\/categories?post=136215"},{"taxonomy":"post_tag","embeddable":true,"href":"https:\/\/www.europesays.com\/ee\/wp-json\/wp\/v2\/tags?post=136215"}],"curies":[{"name":"wp","href":"https:\/\/api.w.org\/{rel}","templated":true}]}}