{"id":136217,"date":"2026-03-23T12:46:11","date_gmt":"2026-03-23T12:46:11","guid":{"rendered":"https:\/\/www.europesays.com\/ee\/136217\/"},"modified":"2026-03-23T12:46:11","modified_gmt":"2026-03-23T12:46:11","slug":"algas-protsess-napilt-taisealise-noormehe-ule-keda-suudistatakse-johkras-tapmises-kadrinas-ja-sarivargustes-delfi","status":"publish","type":"post","link":"https:\/\/www.europesays.com\/ee\/136217\/","title":{"rendered":"Algas protsess napilt t\u00e4isealise noormehe \u00fcle, keda s\u00fc\u00fcdistatakse j\u00f5hkras tapmises Kadrinas ja sarivargustes &#8211; Delfi"},"content":{"rendered":"<ol>\n<li><a href=\"https:\/\/news.google.com\/rss\/articles\/CBMi4AFBVV95cUxNTWZzczRCR29sLXRHNEo4YXJzM2hhWkxYZzRaa3JqelNwRGozS1NzMHBUTFZ2S3JKZFI1RGJYUEc2NmY5NWxfSEVNSzhtaXhMQ3F3QkdKTkVnYVpHdUozWXlJUVV6MDFrZ28tWnVTVVBRWW1Cc09WT0dKUTVYNDBQaHZWNkdaZzlMei1HU3ZJMWlzczlINDNmREc3YlhGbVJfcEdhOWVJcEVrN05xNHZ4enVhQTNsYXFibDNUYU1heDVWOHNxcHdmeGhwUlh4UE1NWHFOa3pVeVdKd1hDczRhRA?oc=5\" target=\"_blank\" rel=\"nofollow noopener\">Algas protsess napilt t\u00e4isealise noormehe \u00fcle, keda s\u00fc\u00fcdistatakse j\u00f5hkras tapmises Kadrinas ja sarivargustes<\/a>&nbsp;&nbsp;Delfi<\/li>\n<li><a href=\"https:\/\/news.google.com\/rss\/articles\/CBMisgFBVV95cUxQMTM0OFNZTmxEQ0llSjhLZ3pSQnRvdUdmSnZoamhvcm9wa2czc05OX2VZcUhEd21NbnVGRFFGVC1zSjJLaWlFUEZKcVZxMlU3RXFTSXhsRzI5amtkOC1VcjdIQ09MS0FQS2pMOWNJeGRsSTNYbC1hT0pkOVN1Y3dEVXpTTHoxRlFHSEFtQktYOHRsVkVFdHUwNkx5YWxYZ1NaUjc5SzVVTlJJaldGdTVwTjJR?oc=5\" target=\"_blank\" rel=\"nofollow noopener\">Kadrinas toime pandud tapmises s\u00fc\u00fcdistatav sooviks vahi alt vabaneda<\/a>&nbsp;&nbsp;Virumaa Teataja<\/li>\n<li><a href=\"https:\/\/news.google.com\/rss\/articles\/CBMi4wFBVV95cUxQWlJPUmZVVmVWdEQ0Y2tFYVNSczdnajd0d1ZYOW16MVBiRzFVZjloQjNHVE9MQjV2cE0yZGFOQ0xMZC1oT0xnUDVjZDY1cGZYdE5aU2ZUY2ZPWEVVb0lZc09fQU94d0lqVHZVdFlSczBtamdfb2VJUFhhS2ktd3Q3LVVkWEN1NXpjc3VwYjhaUHlmakxXWDExa1pKMDJfTU5PNVNEeFdoaHptX2s2WnR4Q2MtdW1kY0laYjlkeG1ZamRKdzUxbEEyX1VtRDBVS0sxWWE4MzZkZzZrVlhnRlhUVllZaw?oc=5\" target=\"_blank\" rel=\"nofollow noopener\">Algas protsess napilt t\u00e4isealise noormehe \u00fcle, keda s\u00fc\u00fcdistatakse j\u00f5hkras tapmises Kadrinas ning sarivargustes<\/a>&nbsp;&nbsp;Delfi<\/li>\n<li><a href=\"https:\/\/news.google.com\/rss\/articles\/CBMivgFBVV95cUxPNlpYcVQwTnVWRllZZ3VUYndQZ0N2THhDQzlERk1tZzBBdXlNZ1BLQTZPZzF1QjNYSXV0Mm5CTUJ5UExIdlFMaGdpMktmQm1lUndodDlmVUhSQV9OMS1iM1pXT1p1eklHWFExSFh6MmNSTnEzdVpCTXgzZjdnb1NMZDExR2tVYkw0MVRjRnY4RENmQVJnNkZvdmV2TjBpVk9adUNEQ2VCMXA1eWxQeVEzSnJYMTJ6Q2ZLSUdKRVlB?oc=5\" target=\"_blank\" rel=\"nofollow noopener\">Vaid kuu aega t\u00e4isealine: spordihuvilisest Kirillist sai tapmises kahtlustatav<\/a>&nbsp;&nbsp;Virumaa Teataja<\/li>\n<\/ol>\n","protected":false},"excerpt":{"rendered":"Algas protsess napilt t\u00e4isealise noormehe \u00fcle, keda s\u00fc\u00fcdistatakse j\u00f5hkras tapmises Kadrinas ja sarivargustes&nbsp;&nbsp;Delfi Kadrinas toime pandud tapmises s\u00fc\u00fcdistatav&hellip;\n","protected":false},"author":2,"featured_media":136218,"comment_status":"","ping_status":"","sticky":false,"template":"","format":"standard","meta":{"footnotes":"","_share_on_mastodon":"0"},"categories":[5],"tags":[26,27,37,33,35,34,36,31,32,21,3377,28,29,19,25,2972,3826,23,24,22,20,30],"class_list":["post-136217","post","type-post","status-publish","format-standard","has-post-thumbnail","category-uldised-uudised","tag-breaking-news","tag-breakingnews","tag-ee","tag-eesti","tag-eesti-keel","tag-estonia","tag-estonian","tag-featured-news","tag-featurednews","tag-headlines","tag-kadrina","tag-latest-news","tag-latestnews","tag-news","tag-populaarseimad-lood","tag-rakvere","tag-tapmine","tag-top-stories","tag-topstories","tag-uldised-uudised","tag-uudised","tag-viimased-uudised"],"share_on_mastodon":{"url":"https:\/\/pubeurope.com\/@ee\/116278564246970971","error":""},"_links":{"self":[{"href":"https:\/\/www.europesays.com\/ee\/wp-json\/wp\/v2\/posts\/136217","targetHints":{"allow":["GET"]}}],"collection":[{"href":"https:\/\/www.europesays.com\/ee\/wp-json\/wp\/v2\/posts"}],"about":[{"href":"https:\/\/www.europesays.com\/ee\/wp-json\/wp\/v2\/types\/post"}],"author":[{"embeddable":true,"href":"https:\/\/www.europesays.com\/ee\/wp-json\/wp\/v2\/users\/2"}],"replies":[{"embeddable":true,"href":"https:\/\/www.europesays.com\/ee\/wp-json\/wp\/v2\/comments?post=136217"}],"version-history":[{"count":0,"href":"https:\/\/www.europesays.com\/ee\/wp-json\/wp\/v2\/posts\/136217\/revisions"}],"wp:featuredmedia":[{"embeddable":true,"href":"https:\/\/www.europesays.com\/ee\/wp-json\/wp\/v2\/media\/136218"}],"wp:attachment":[{"href":"https:\/\/www.europesays.com\/ee\/wp-json\/wp\/v2\/media?parent=136217"}],"wp:term":[{"taxonomy":"category","embeddable":true,"href":"https:\/\/www.europesays.com\/ee\/wp-json\/wp\/v2\/categories?post=136217"},{"taxonomy":"post_tag","embeddable":true,"href":"https:\/\/www.europesays.com\/ee\/wp-json\/wp\/v2\/tags?post=136217"}],"curies":[{"name":"wp","href":"https:\/\/api.w.org\/{rel}","templated":true}]}}