{"id":136317,"date":"2026-03-23T14:35:09","date_gmt":"2026-03-23T14:35:09","guid":{"rendered":"https:\/\/www.europesays.com\/ee\/136317\/"},"modified":"2026-03-23T14:35:09","modified_gmt":"2026-03-23T14:35:09","slug":"toomas-alatalu-kas-iraani-ja-nato-argpukse-ahvardanud-trump-usa-eelmise-raevu-tegelikku-sisu-ka-maletab-arvamus","status":"publish","type":"post","link":"https:\/\/www.europesays.com\/ee\/136317\/","title":{"rendered":"TOOMAS ALATALU Kas Iraani ja NATO \u00abargp\u00fckse\u00bb \u00e4hvardanud Trump USA eelmise raevu tegelikku sisu ka m\u00e4letab? &#8211; Arvamus"},"content":{"rendered":"<ol>\n<li><a href=\"https:\/\/news.google.com\/rss\/articles\/CBMi1wFBVV95cUxQMkQ2NVpDX1V0bU94R0NFVUNLbVNPYVMzYktoTVRoMXAzaWNZQ1B0UFluT3pnSlVnVHI3UHJNSmM2anFiVDYyZVZJWDFNdU1MUWtvVm5TV01nZFBNU3lxaVN6MjFRdC1ZSnJHWUFwZXVYUHNsY1QyU3RzOFpBenpzY2lmbkpHQllBYmFrNGNqSGltRTdCQ21LNkVGV2s1dDlsVHJmdkxoaTU2dnpudGJoMTZVMVRkZElLVnlKbzlGZkZlbXBZUkRIb1NPSllTbnNjLVIzeldLbw?oc=5\" target=\"_blank\" rel=\"nofollow noopener\">TOOMAS ALATALU Kas Iraani ja NATO \u00abargp\u00fckse\u00bb \u00e4hvardanud Trump USA eelmise raevu tegelikku sisu ka m\u00e4letab?<\/a>&nbsp;&nbsp;Arvamus<\/li>\n<li><a href=\"https:\/\/news.google.com\/rss\/articles\/CBMimgFBVV95cUxNcm80WWptbHlVMUdDbUowclNhTFI1WUdCNnFMeEFRRXlYUmZwVXVHeTVTUGZUWHhSb3ZHd2xVeHdoMXgzV2pJSm1EX2F0VmVwZlJGUjVTOHpYSUJPRWdiaTh4cUpCMExQZU5GWFZkYzFqQ0ktOFBNeWtZRmFYaXZreE00LVBGNEJxYlhUYkpyWl9CT3JUNkVpR1Rn?oc=5\" target=\"_blank\" rel=\"nofollow noopener\">USA k\u00f5rge terrorit\u00f5rjeametnik astus protestiks s\u00f5ja vastu tagasi<\/a>&nbsp;&nbsp;ERR<\/li>\n<li><a href=\"https:\/\/news.google.com\/rss\/articles\/CBMivgFBVV95cUxOU25QcWJNMnZteG5qbHQ3cUoxSXJRbktMVk1RLVBGRF81VlZlQTE3c2I3RmViLVpJNGdvQWxTV1MyZV9NZjNtaGotYzlWaklsUTFzallHZXgtblNCZUMzX2tudDFoUDY3d2I0LW9TZVJEa1kzaFUzT216WG5xcTF2Tm9lbVFmeXBQUnllSktTcmY4V0xOdC1KUVNQSTVVeEtURlY0SWxCd19NQUt2Ml95QnMtWWhiSGI0d3l5dkpn?oc=5\" target=\"_blank\" rel=\"nofollow noopener\">\u00abPeata meid Iraaniga s\u00f5tta minemast!\u00bb Joe Kent paljastas viimase vestluse Charlie Kirkiga<\/a>&nbsp;&nbsp;Elu24<\/li>\n<li><a href=\"https:\/\/news.google.com\/rss\/articles\/CBMiuwFBVV95cUxQekxXTmVWX20xOTZVUnloRHpHNjZmVFVGYXhteHJnVjR2ajNvNjdvTWlheTdwcFZ4eVMySjVqV2xOc1BteUdzX2FmREcxOGZaU0Fkem1IUWlsaFc5WEo2a0hITmI1RlJVeDJVSlVJS3BJZVM0M21rbS1TSWV2bGJ4V1Nfb25OTUtRdU1NS0dpTi0yRFQ5c0d0YkNQQkdmU0htU2s5YVdSNTdGcHlFSFN1cHNNWkptZGt3M0FB?oc=5\" target=\"_blank\" rel=\"nofollow noopener\">USA k\u00f5rge julgeolekuametnik lahkus protestiks t\u00f6\u00f6lt: s\u00fcdametunnistus ei luba Trumpi s\u00f5da toetada<\/a>&nbsp;&nbsp;Delfi<\/li>\n<li><a href=\"https:\/\/news.google.com\/rss\/articles\/CBMi2gFBVV95cUxQTlZGNVdLS01IaHhxX0c5R19BUkNtR0EyOU5leFN3SGxFT0dJWU9VSnhNVFBSaExmZ2JRV1N3RXVLWWdFQ1hXNml5T054M3Z1NU9CRFJZOWh2VFFSZ1BFRTVUTEVJdVpHdUxYRmhVVEM5TDg2UDRwZ3VrbE5tY2R4RUVHVFVxTzJMRmIyZHNnVXlab0pOLUZPS1pTSXZlRlZQZ2dVdWo4Umg1ckFrZkNHZ05hMTVPc291bTlXUk1mY3lJcDVobXhtYVowd1kxRXZ4NXBYcmNBOEJzZw?oc=5\" target=\"_blank\" rel=\"nofollow noopener\">Ameti maha pannud USA terrorismivastase agentuuri juht: 18 luureagentuuri ei pidanud v\u00f5imalikuks Iraani tuumarelva<\/a>&nbsp;&nbsp;eestinen<\/li>\n<\/ol>\n","protected":false},"excerpt":{"rendered":"TOOMAS ALATALU Kas Iraani ja NATO \u00abargp\u00fckse\u00bb \u00e4hvardanud Trump USA eelmise raevu tegelikku sisu ka m\u00e4letab?&nbsp;&nbsp;Arvamus USA k\u00f5rge&hellip;\n","protected":false},"author":2,"featured_media":136190,"comment_status":"","ping_status":"","sticky":false,"template":"","format":"standard","meta":{"footnotes":"","_share_on_mastodon":"0"},"categories":[80],"tags":[587,61384,26,27,324,37,33,35,34,36,31,32,21,326,619,1925,19337,10395,4376,28,29,95,54,19,763,25,3738,23,24,22,20,30,92,93,94],"class_list":["post-136317","post","type-post","status-publish","format-standard","has-post-thumbnail","category-maailm","tag-ameerika-uhendriigid","tag-arakandmine","tag-breaking-news","tag-breakingnews","tag-donald-trump","tag-ee","tag-eesti","tag-eesti-keel","tag-estonia","tag-estonian","tag-featured-news","tag-featurednews","tag-headlines","tag-hiina","tag-iisrael","tag-iraan","tag-jugoslaavia","tag-kosovo","tag-lahis-ida","tag-latest-news","tag-latestnews","tag-maailm","tag-nato","tag-news","tag-palestiina","tag-populaarseimad-lood","tag-putin","tag-top-stories","tag-topstories","tag-uldised-uudised","tag-uudised","tag-viimased-uudised","tag-world","tag-world-news","tag-worldnews"],"share_on_mastodon":{"url":"","error":"Validation failed: Text character limit of 500 exceeded"},"_links":{"self":[{"href":"https:\/\/www.europesays.com\/ee\/wp-json\/wp\/v2\/posts\/136317","targetHints":{"allow":["GET"]}}],"collection":[{"href":"https:\/\/www.europesays.com\/ee\/wp-json\/wp\/v2\/posts"}],"about":[{"href":"https:\/\/www.europesays.com\/ee\/wp-json\/wp\/v2\/types\/post"}],"author":[{"embeddable":true,"href":"https:\/\/www.europesays.com\/ee\/wp-json\/wp\/v2\/users\/2"}],"replies":[{"embeddable":true,"href":"https:\/\/www.europesays.com\/ee\/wp-json\/wp\/v2\/comments?post=136317"}],"version-history":[{"count":0,"href":"https:\/\/www.europesays.com\/ee\/wp-json\/wp\/v2\/posts\/136317\/revisions"}],"wp:featuredmedia":[{"embeddable":true,"href":"https:\/\/www.europesays.com\/ee\/wp-json\/wp\/v2\/media\/136190"}],"wp:attachment":[{"href":"https:\/\/www.europesays.com\/ee\/wp-json\/wp\/v2\/media?parent=136317"}],"wp:term":[{"taxonomy":"category","embeddable":true,"href":"https:\/\/www.europesays.com\/ee\/wp-json\/wp\/v2\/categories?post=136317"},{"taxonomy":"post_tag","embeddable":true,"href":"https:\/\/www.europesays.com\/ee\/wp-json\/wp\/v2\/tags?post=136317"}],"curies":[{"name":"wp","href":"https:\/\/api.w.org\/{rel}","templated":true}]}}