{"id":136348,"date":"2026-03-23T15:16:08","date_gmt":"2026-03-23T15:16:08","guid":{"rendered":"https:\/\/www.europesays.com\/ee\/136348\/"},"modified":"2026-03-23T15:16:08","modified_gmt":"2026-03-23T15:16:08","slug":"arvustus-oscarile-kandideerinud-prantsuse-koguperefilm-arco-on-eelmise-aasta-parim-animatsioon","status":"publish","type":"post","link":"https:\/\/www.europesays.com\/ee\/136348\/","title":{"rendered":"ARVUSTUS | Oscarile kandideerinud Prantsuse koguperefilm \u201eArco\u201c on eelmise aasta parim animatsioon"},"content":{"rendered":"<p>Prantsuse lavastaja ja koomiksikunstniku Ugo Bienvenu film saab alguse tuhatkonna aasta kauguses tulevikus ja k\u00f5rgel pilvede vahel, kuhu ehitatud platvormidele inimkonna ajas r\u00e4ndama \u00f5ppinud j\u00e4rglased on kolinud. Vanemate keeldu eirates otsustab k\u00fcmneaastane poiss Arco proovida selga ajar\u00e4ndu v\u00f5imaldavat keepi ning satub kogemata kliimakatastroofidest r\u00e4situd, elu suuresti hiiglaslike klaaskuplite alla peitnud aastasse 2075.<\/p>\n","protected":false},"excerpt":{"rendered":"Prantsuse lavastaja ja koomiksikunstniku Ugo Bienvenu film saab alguse tuhatkonna aasta kauguses tulevikus ja k\u00f5rgel pilvede vahel, kuhu&hellip;\n","protected":false},"author":2,"featured_media":136349,"comment_status":"","ping_status":"","sticky":false,"template":"","format":"standard","meta":{"footnotes":"","_share_on_mastodon":"0"},"categories":[16],"tags":[37,33,35,173,34,36,208,140,30795],"class_list":["post-136348","post","type-post","status-publish","format-standard","has-post-thumbnail","category-meelelahutus","tag-ee","tag-eesti","tag-eesti-keel","tag-entertainment","tag-estonia","tag-estonian","tag-film","tag-meelelahutus","tag-oscarid"],"share_on_mastodon":{"url":"https:\/\/pubeurope.com\/@ee\/116279154087363905","error":""},"_links":{"self":[{"href":"https:\/\/www.europesays.com\/ee\/wp-json\/wp\/v2\/posts\/136348","targetHints":{"allow":["GET"]}}],"collection":[{"href":"https:\/\/www.europesays.com\/ee\/wp-json\/wp\/v2\/posts"}],"about":[{"href":"https:\/\/www.europesays.com\/ee\/wp-json\/wp\/v2\/types\/post"}],"author":[{"embeddable":true,"href":"https:\/\/www.europesays.com\/ee\/wp-json\/wp\/v2\/users\/2"}],"replies":[{"embeddable":true,"href":"https:\/\/www.europesays.com\/ee\/wp-json\/wp\/v2\/comments?post=136348"}],"version-history":[{"count":0,"href":"https:\/\/www.europesays.com\/ee\/wp-json\/wp\/v2\/posts\/136348\/revisions"}],"wp:featuredmedia":[{"embeddable":true,"href":"https:\/\/www.europesays.com\/ee\/wp-json\/wp\/v2\/media\/136349"}],"wp:attachment":[{"href":"https:\/\/www.europesays.com\/ee\/wp-json\/wp\/v2\/media?parent=136348"}],"wp:term":[{"taxonomy":"category","embeddable":true,"href":"https:\/\/www.europesays.com\/ee\/wp-json\/wp\/v2\/categories?post=136348"},{"taxonomy":"post_tag","embeddable":true,"href":"https:\/\/www.europesays.com\/ee\/wp-json\/wp\/v2\/tags?post=136348"}],"curies":[{"name":"wp","href":"https:\/\/api.w.org\/{rel}","templated":true}]}}