{"id":136362,"date":"2026-03-23T15:30:11","date_gmt":"2026-03-23T15:30:11","guid":{"rendered":"https:\/\/www.europesays.com\/ee\/136362\/"},"modified":"2026-03-23T15:30:11","modified_gmt":"2026-03-23T15:30:11","slug":"delfiinide-michael-jordan-%e2%9f%a9-hawaiil-jaadvustati-erakordne-delfiinihupe","status":"publish","type":"post","link":"https:\/\/www.europesays.com\/ee\/136362\/","title":{"rendered":"DELFIINIDE MICHAEL JORDAN \u27e9 Hawaiil j\u00e4\u00e4dvustati erakordne delfiinih\u00fcpe"},"content":{"rendered":"<p>Riiklik merekalade teenistus (National Marine Fisheries Service) m\u00e4rgib, et suuremad delfiiniliigid suudavad veepinnast h\u00fcpata isegi \u00fcle 6 meetri k\u00f5rgusele. Pildil n\u00e4htav loom on delfiin ladinakeelse nimega Stenella attenuata, mis on v\u00e4iksem liik \u2014 t\u00e4iskasvanuna kasvab ta tavaliselt kuni kuni 2,1 meetri pikkuseks ja kaalub umbes 113 kg.<\/p>\n<p>Vaatamata v\u00e4iksemale kehale suutis see delfiin ilmselgelt teha muljetavaldava h\u00fcppe, mist\u00f5ttu Pacific Whale Foundation nimetas looma sotsiaalmeedias \u00abdelfiinide Michael Jordaniks\u00bb. Organisatsioon lisas: \u00abSee ei ole tehisintellekt. Tutvustame delfiinide Michael Jordani.\u00bb Fondi hinnangul vastab selline h\u00fcpe inimese h\u00fcppele \u00fcle korvir\u00f5nga.<\/p>\n<p>Delfiinid elavad troopilistes ja subtroopilistes vetes \u00fcle maailma. Liik on energiline, v\u00e4ga seltskondlik ning liigub sageli koos teiste liikidega. Just nende seltskondliku k\u00e4itumise ja elava liikumisviisi t\u00f5ttu ei \u00fcllata sellised s\u00fcdantsoojendavad ja k\u00f5rgele ulatuvad h\u00fcpped neid l\u00e4hedalt j\u00e4lginud loodusteadlasi.<\/p>\n","protected":false},"excerpt":{"rendered":"Riiklik merekalade teenistus (National Marine Fisheries Service) m\u00e4rgib, et suuremad delfiiniliigid suudavad veepinnast h\u00fcpata isegi \u00fcle 6 meetri&hellip;\n","protected":false},"author":2,"featured_media":136363,"comment_status":"","ping_status":"","sticky":false,"template":"","format":"standard","meta":{"footnotes":"","_share_on_mastodon":"0"},"categories":[80],"tags":[26,27,33440,37,33,35,34,36,31,32,21,28,29,95,61421,61422,61423,19,25,23,24,22,20,30,92,93,94],"class_list":["post-136362","post","type-post","status-publish","format-standard","has-post-thumbnail","category-maailm","tag-breaking-news","tag-breakingnews","tag-delfiin","tag-ee","tag-eesti","tag-eesti-keel","tag-estonia","tag-estonian","tag-featured-news","tag-featurednews","tag-headlines","tag-latest-news","tag-latestnews","tag-maailm","tag-maui","tag-mereelustik","tag-national-marine-fisheries-service","tag-news","tag-populaarseimad-lood","tag-top-stories","tag-topstories","tag-uldised-uudised","tag-uudised","tag-viimased-uudised","tag-world","tag-world-news","tag-worldnews"],"share_on_mastodon":{"url":"https:\/\/pubeurope.com\/@ee\/116279209107224274","error":""},"_links":{"self":[{"href":"https:\/\/www.europesays.com\/ee\/wp-json\/wp\/v2\/posts\/136362","targetHints":{"allow":["GET"]}}],"collection":[{"href":"https:\/\/www.europesays.com\/ee\/wp-json\/wp\/v2\/posts"}],"about":[{"href":"https:\/\/www.europesays.com\/ee\/wp-json\/wp\/v2\/types\/post"}],"author":[{"embeddable":true,"href":"https:\/\/www.europesays.com\/ee\/wp-json\/wp\/v2\/users\/2"}],"replies":[{"embeddable":true,"href":"https:\/\/www.europesays.com\/ee\/wp-json\/wp\/v2\/comments?post=136362"}],"version-history":[{"count":0,"href":"https:\/\/www.europesays.com\/ee\/wp-json\/wp\/v2\/posts\/136362\/revisions"}],"wp:featuredmedia":[{"embeddable":true,"href":"https:\/\/www.europesays.com\/ee\/wp-json\/wp\/v2\/media\/136363"}],"wp:attachment":[{"href":"https:\/\/www.europesays.com\/ee\/wp-json\/wp\/v2\/media?parent=136362"}],"wp:term":[{"taxonomy":"category","embeddable":true,"href":"https:\/\/www.europesays.com\/ee\/wp-json\/wp\/v2\/categories?post=136362"},{"taxonomy":"post_tag","embeddable":true,"href":"https:\/\/www.europesays.com\/ee\/wp-json\/wp\/v2\/tags?post=136362"}],"curies":[{"name":"wp","href":"https:\/\/api.w.org\/{rel}","templated":true}]}}