{"id":136381,"date":"2026-03-23T15:53:07","date_gmt":"2026-03-23T15:53:07","guid":{"rendered":"https:\/\/www.europesays.com\/ee\/136381\/"},"modified":"2026-03-23T15:53:07","modified_gmt":"2026-03-23T15:53:07","slug":"londonis-pandi-polema-juudi-organisatsioonile-kuuluvad-kiirabiautod-valismaa","status":"publish","type":"post","link":"https:\/\/www.europesays.com\/ee\/136381\/","title":{"rendered":"Londonis pandi p\u00f5lema juudi organisatsioonile kuuluvad kiirabiautod | V\u00e4lismaa"},"content":{"rendered":"<p>Esmasp\u00e4eva hommikul pandi Londonis p\u00f5lema juudi organisatsiooni hallatavad kiirabiautod ning Suurbritannia v\u00f5imud kahtlustavad, et s\u00fc\u00fctamise taga v\u00f5ib olla Iraan.<\/p>\n<p>R\u00fcnnaku k\u00e4igus h\u00e4vis neli s\u00f5idukit, kuid keegi vigastada ei saanud. Briti v\u00f5imud pole v\u00e4listanud Teherani seotust r\u00fcnnakutega.\u00a0 Uurimist juhib n\u00fc\u00fcd terrorismivastane politsei, kuid r\u00fcnnakut ei ole veel terroriaktiks liigitatud, vahendas <a href=\"https:\/\/www.thetimes.com\/uk\/crime\/article\/jewish-volunteer-ambulances-on-fire-flcmvm67v\" target=\"_blank\" rel=\"noopener nofollow\">The Times<\/a>.<\/p>\n<p>Kriminaalpolitsei \u00fclemkomissar Luke Williams \u00fctles, et politsei otsib kolme kapuutsiga kahtlusalust. Kedagi veel vahistatud ei ole.\u00a0<\/p>\n<p>Williams siiski lisas, et on teadlik v\u00e4itest, et Iraaniga seotud r\u00fchmitus on v\u00f5tnud r\u00fcnnaku eest vastutuse. &#8220;Selle v\u00e4ite autentsuse ja t\u00e4psuse kindlakstegemine on uurimisr\u00fchma prioriteet, kuid me ei saa seda praegu kinnitada,&#8221; \u00fctles Williams.\u00a0<\/p>\n<p>Iraaniga seotud Harakat Ashab al-Yamin al-Islamiya postitas sotsiaalmeediasse videol\u00f5igu, milles n\u00e4is tunnistavat r\u00fcnnaku omaks. R\u00fchmitus on viimastel n\u00e4dalatel v\u00f5tnud vastutuse r\u00fcnnakute eest juudi institutsioonide vastu, mis on toimunud Hollandis, Belgias ja Kreekas. Iisraeli teatel on r\u00fchmitus seotud Iraani re\u017eiimiga.<\/p>\n<p>Keir Starmer m\u00f5istis viimase intsidendi hukka ja nimetas seda antisemiitlikuks s\u00fc\u00fctamisr\u00fcnnakuks. &#8220;Minu m\u00f5tted on juudi kogukonnaga, kes \u00e4rkab t\u00e4na hommikul selle kohutava uudise peale. Antisemitismil pole meie \u00fchiskonnas kohta,&#8221; teatas Starmer.\u00a0<\/p>\n<p>Kiirabiautosid haldab Hatzalah, mis asutati 1979. aastal ja tegutseb vabatahtlike toel. See pakub P\u00f5hja-Londoni elanikele tasuta meditsiinitransporti ja erakorralist abi. Hatzalah teeb koost\u00f6\u00f6d Briti tervishoiuametiga (NHS).\u00a0<\/p>\n","protected":false},"excerpt":{"rendered":"Esmasp\u00e4eva hommikul pandi Londonis p\u00f5lema juudi organisatsiooni hallatavad kiirabiautod ning Suurbritannia v\u00f5imud kahtlustavad, et s\u00fc\u00fctamise taga v\u00f5ib olla&hellip;\n","protected":false},"author":2,"featured_media":136382,"comment_status":"","ping_status":"","sticky":false,"template":"","format":"standard","meta":{"footnotes":"","_share_on_mastodon":"0"},"categories":[80],"tags":[26,27,37,33,35,34,36,31,32,21,1925,566,28,29,4320,95,19,353,25,61428,9577,99,23,24,22,20,30,92,93,94],"class_list":["post-136381","post","type-post","status-publish","format-standard","has-post-thumbnail","category-maailm","tag-breaking-news","tag-breakingnews","tag-ee","tag-eesti","tag-eesti-keel","tag-estonia","tag-estonian","tag-featured-news","tag-featurednews","tag-headlines","tag-iraan","tag-kiirabi","tag-latest-news","tag-latestnews","tag-london","tag-maailm","tag-news","tag-politsei","tag-populaarseimad-lood","tag-suurbirtannia","tag-suutamine","tag-terrorism","tag-top-stories","tag-topstories","tag-uldised-uudised","tag-uudised","tag-viimased-uudised","tag-world","tag-world-news","tag-worldnews"],"share_on_mastodon":{"url":"https:\/\/pubeurope.com\/@ee\/116279299577372357","error":""},"_links":{"self":[{"href":"https:\/\/www.europesays.com\/ee\/wp-json\/wp\/v2\/posts\/136381","targetHints":{"allow":["GET"]}}],"collection":[{"href":"https:\/\/www.europesays.com\/ee\/wp-json\/wp\/v2\/posts"}],"about":[{"href":"https:\/\/www.europesays.com\/ee\/wp-json\/wp\/v2\/types\/post"}],"author":[{"embeddable":true,"href":"https:\/\/www.europesays.com\/ee\/wp-json\/wp\/v2\/users\/2"}],"replies":[{"embeddable":true,"href":"https:\/\/www.europesays.com\/ee\/wp-json\/wp\/v2\/comments?post=136381"}],"version-history":[{"count":0,"href":"https:\/\/www.europesays.com\/ee\/wp-json\/wp\/v2\/posts\/136381\/revisions"}],"wp:featuredmedia":[{"embeddable":true,"href":"https:\/\/www.europesays.com\/ee\/wp-json\/wp\/v2\/media\/136382"}],"wp:attachment":[{"href":"https:\/\/www.europesays.com\/ee\/wp-json\/wp\/v2\/media?parent=136381"}],"wp:term":[{"taxonomy":"category","embeddable":true,"href":"https:\/\/www.europesays.com\/ee\/wp-json\/wp\/v2\/categories?post=136381"},{"taxonomy":"post_tag","embeddable":true,"href":"https:\/\/www.europesays.com\/ee\/wp-json\/wp\/v2\/tags?post=136381"}],"curies":[{"name":"wp","href":"https:\/\/api.w.org\/{rel}","templated":true}]}}