{"id":136469,"date":"2026-03-23T17:32:26","date_gmt":"2026-03-23T17:32:26","guid":{"rendered":"https:\/\/www.europesays.com\/ee\/136469\/"},"modified":"2026-03-23T17:32:26","modified_gmt":"2026-03-23T17:32:26","slug":"intervjuu-nata-radina-usa-uritab-labi-minski-venemaa-sanktsioonidest-mooda-hiilida","status":"publish","type":"post","link":"https:\/\/www.europesays.com\/ee\/136469\/","title":{"rendered":"INTERVJUU | Nata Radina: USA \u00fcritab l\u00e4bi Minski Venemaa sanktsioonidest m\u00f6\u00f6da hiilida"},"content":{"rendered":"<p>Minul algas s\u00fcgav ja siiani kestev side Valgevenega 20 aastat tagasi Oktoobri v\u00e4ljakul. 20 aastat! K\u00f5ik mu s\u00f5brad, terve p\u00f5lvkond on ainult oodanud ja oodanud, enamik neist on emigreerunud ja Valgevene on nende jaoks peaaegu kadunud. Milline on sinu Valgevene, millest sa oma raamatus kirjutasid?<\/p>\n<p class=\"MsoNormal\">Kui olid 20 aastat tagasi Minskis, siis me olime samal v\u00e4ljakul. 20 aastat tagasi olin ka mina Oktoobri v\u00e4ljakul, kuhu tuhanded ja tuhanded inimesed tulid meelt avaldama j\u00e4rjekordse presidendivalimiste v\u00f5ltsimise vastu.<\/p>\n<p class=\"MsoNormal\">Minu Valgevene on protestiv Valgevene, sest pool minu elust on m\u00f6\u00f6dunud meeleavaldustel, mida opositsioon korraldas Aljaksandr Luka\u0161enka diktatuuri vastu. Just sellest see raamat r\u00e4\u00e4gibki \u2013 Valgevene rahva v\u00f5itlusest vabaduse eest.<\/p>\n<p class=\"MsoNormal\">Mind on alati \u00e4rritanud paljude inimeste reaktsioon maailmas, eriti postsovetlikus ruumis, kes ei tea Valgevenest midagi ja suhtuvad valgevenelastesse \u00fcleolevalt. Arvatakse, et kuna teil on alates 1994. aastast diktatuur, siis teil polegi vabadust olnud, valisite ise endale diktaatori ja teile meeldibki vanglas elada. Paljudel, ka eestlastel, on selline ettekujutus, et valgevenelased on orjad, kellele meeldib diktatuuri all elada. Kuid see ei ole nii, absoluutselt mitte.<\/p>\n<p>Oled juba tellija?Logi sisse<\/p>\n<p><a href=\"https:\/\/arvamus.delfi.ee\/artikkel\/120444021\/intervjuu-nata-radina-usa-uritab-labi-minski-venemaa-sanktsioonidest-mooda-hiilida\/kommentaarid\" class=\"article-body-bottom__comment article-body-bottom__comment--write button button--primary button--size-auto\" rel=\"nofollow noopener\" target=\"_blank\"> Kommenteeri <\/a><a href=\"https:\/\/arvamus.delfi.ee\/artikkel\/120444021\/intervjuu-nata-radina-usa-uritab-labi-minski-venemaa-sanktsioonidest-mooda-hiilida\/kommentaarid\" class=\"article-body-bottom__comment article-body-bottom__comment--read button button--size-auto\" rel=\"nofollow noopener\" target=\"_blank\"> Loe kommentaare (47)<\/a><\/p>\n","protected":false},"excerpt":{"rendered":"Minul algas s\u00fcgav ja siiani kestev side Valgevenega 20 aastat tagasi Oktoobri v\u00e4ljakul. 20 aastat! K\u00f5ik mu s\u00f5brad,&hellip;\n","protected":false},"author":2,"featured_media":136470,"comment_status":"","ping_status":"","sticky":false,"template":"","format":"standard","meta":{"footnotes":"","_share_on_mastodon":"0"},"categories":[80],"tags":[8772,26,27,37,33,35,34,36,31,32,21,2992,28,29,95,19,25,107,9379,23,24,22,20,2170,30,92,93,94],"class_list":["post-136469","post","type-post","status-publish","format-standard","has-post-thumbnail","category-maailm","tag-aljaksandr-lukasenka","tag-breaking-news","tag-breakingnews","tag-ee","tag-eesti","tag-eesti-keel","tag-estonia","tag-estonian","tag-featured-news","tag-featurednews","tag-headlines","tag-kgb","tag-latest-news","tag-latestnews","tag-maailm","tag-news","tag-populaarseimad-lood","tag-soda-ukrainas","tag-svjatlana-tsihhanovskaja","tag-top-stories","tag-topstories","tag-uldised-uudised","tag-uudised","tag-valgevene","tag-viimased-uudised","tag-world","tag-world-news","tag-worldnews"],"share_on_mastodon":{"url":"https:\/\/pubeurope.com\/@ee\/116279688893055648","error":""},"_links":{"self":[{"href":"https:\/\/www.europesays.com\/ee\/wp-json\/wp\/v2\/posts\/136469","targetHints":{"allow":["GET"]}}],"collection":[{"href":"https:\/\/www.europesays.com\/ee\/wp-json\/wp\/v2\/posts"}],"about":[{"href":"https:\/\/www.europesays.com\/ee\/wp-json\/wp\/v2\/types\/post"}],"author":[{"embeddable":true,"href":"https:\/\/www.europesays.com\/ee\/wp-json\/wp\/v2\/users\/2"}],"replies":[{"embeddable":true,"href":"https:\/\/www.europesays.com\/ee\/wp-json\/wp\/v2\/comments?post=136469"}],"version-history":[{"count":0,"href":"https:\/\/www.europesays.com\/ee\/wp-json\/wp\/v2\/posts\/136469\/revisions"}],"wp:featuredmedia":[{"embeddable":true,"href":"https:\/\/www.europesays.com\/ee\/wp-json\/wp\/v2\/media\/136470"}],"wp:attachment":[{"href":"https:\/\/www.europesays.com\/ee\/wp-json\/wp\/v2\/media?parent=136469"}],"wp:term":[{"taxonomy":"category","embeddable":true,"href":"https:\/\/www.europesays.com\/ee\/wp-json\/wp\/v2\/categories?post=136469"},{"taxonomy":"post_tag","embeddable":true,"href":"https:\/\/www.europesays.com\/ee\/wp-json\/wp\/v2\/tags?post=136469"}],"curies":[{"name":"wp","href":"https:\/\/api.w.org\/{rel}","templated":true}]}}