{"id":136706,"date":"2026-03-23T23:48:12","date_gmt":"2026-03-23T23:48:12","guid":{"rendered":"https:\/\/www.europesays.com\/ee\/136706\/"},"modified":"2026-03-23T23:48:12","modified_gmt":"2026-03-23T23:48:12","slug":"juhtkiri-%e2%9f%a9-piinlik-lugu-toompeal-arvamus","status":"publish","type":"post","link":"https:\/\/www.europesays.com\/ee\/136706\/","title":{"rendered":"JUHTKIRI \u27e9 Piinlik lugu Toompeal &#8211; Arvamus"},"content":{"rendered":"<ol>\n<li><a href=\"https:\/\/news.google.com\/rss\/articles\/CBMidkFVX3lxTE1ZMmduSU5TQmI0Ym9XOWtxOXd3MVQ5STB6U0N2NG1hZ3BmZ2I2ZVlXbjdoNm9yNl9vVW9EN21fQUwtbmdab2hNLUhhT1lMYVF2UVRSbUhXd25MWGtuSHBXeFZTUnZoQ1AtVk9JUzY5SjR1MlFhYkE?oc=5\" target=\"_blank\" rel=\"nofollow noopener\">JUHTKIRI \u27e9 Piinlik lugu Toompeal<\/a>&nbsp;&nbsp;Arvamus<\/li>\n<li><a href=\"https:\/\/news.google.com\/rss\/articles\/CBMitAFBVV95cUxOTGdkNFhiX1NKcHBVNzdaRmtjMEYyMUwzRndmak5DWWdyak9NNnRiaTJLVlhfNW0wcjZNaXR1bko0cER4UjFJVjVXMWRuTXdobkFuSmg0c1pvTnhBd3RxV29KQkpyODNPWHNUVW5CWW0zb2RCb1kzN0dFV3lIb1dRaTJ5YzVXOGtFRFBhTzhndkZ6Qm9STmxPNGJFYm5mdThxcTdRSVpaaDNQaVRRV3k3N3BjWV8?oc=5\" target=\"_blank\" rel=\"nofollow noopener\">Urmet Kook: riigikogu kantselei direktor on auga v\u00e4lja teeninud pressivaenlase tiitli<\/a>&nbsp;&nbsp;ERR<\/li>\n<li><a href=\"https:\/\/news.google.com\/rss\/articles\/CBMiqgFBVV95cUxPR2d0ZkJPQy1CRGFUZ1BOWVNIUUlBT3E5Ym9mdDlJd1ZHVDAyQkZXYzJNRWhESVVPYjhYQmxObkh1blZxdEtDNk9hNE1yM0V6ckR3Z1ZBUkV0ZS1ielFHWllyWXJCdXp0NWg0TDE4MVNLb05ZdFBrbG5sODVPYWI0QVV6cTA0c21RYlBJRk1aaW1ZVkFPWmkzV296U0pvR05pMmpSM25hM3VrUQ?oc=5\" target=\"_blank\" rel=\"nofollow noopener\">Hasartm\u00e4nguseaduse vea t\u00f5ttu vallandatud ametnik kavatseb otsuse vaidlustada<\/a>&nbsp;&nbsp;ERR<\/li>\n<li><a href=\"https:\/\/news.google.com\/rss\/articles\/CBMiP0FVX3lxTFBHSmV3YUxOVURXbTNSX0lGYUluNXNadnlWenU5bnRTSEdXMUNWRzF3bXlZdzVHUEJlbEhLaF9mRQ?oc=5\" target=\"_blank\" rel=\"nofollow noopener\">Hussar: soovitasin kantselei direktoril ametnikku mitte vallandada<\/a>&nbsp;&nbsp;Uudis.net<\/li>\n<li><a href=\"https:\/\/news.google.com\/rss\/articles\/CBMiwAFBVV95cUxOTWJTdVFLZmNJZEVWcWpqZFZUUVBkUU1oT29MNXRtMTZMR2otd3VGUUs1WHFwSThGSW90SkZVMjN6S1F2dHlieVNpek1PLTVnZlk1UnQyYllNSlFsUHJsTzdmN01WWEY5ZzlPdnZRd3FVSDZvWEpXNmhQN1VNekpZNHNfU1c1TWo5M2dpeUdnckxJVklndGZKLWV5V1N0NHFFNVBiOW9rMWdWeG5hYjRYOGRmRmJzNzJvaHZzekVKazk?oc=5\" target=\"_blank\" rel=\"nofollow noopener\">Riigikogu n\u00f5unik vallandati poliitikute prohmaka p\u00e4rast. Kokk: \u201eV\u00e4iklane ja ennekuulmatult k\u00fc\u00fcniline!\u201d<\/a>&nbsp;&nbsp;L\u00f5unaeestlane<\/li>\n<\/ol>\n","protected":false},"excerpt":{"rendered":"JUHTKIRI \u27e9 Piinlik lugu Toompeal&nbsp;&nbsp;Arvamus Urmet Kook: riigikogu kantselei direktor on auga v\u00e4lja teeninud pressivaenlase tiitli&nbsp;&nbsp;ERR Hasartm\u00e4nguseaduse vea&hellip;\n","protected":false},"author":2,"featured_media":136707,"comment_status":"","ping_status":"","sticky":false,"template":"","format":"standard","meta":{"footnotes":"","_share_on_mastodon":"0"},"categories":[12],"tags":[61538,61539,26,27,37,33,35,34,36,31,32,6592,34733,21,52226,28,29,61392,19,61540,61537,61393,25,8676,13480,23,24,22,20,10767,30],"class_list":["post-136706","post","type-post","status-publish","format-standard","has-post-thumbnail","category-eesti","tag-ametniku-vastutus","tag-avalik-teenistus","tag-breaking-news","tag-breakingnews","tag-ee","tag-eesti","tag-eesti-keel","tag-estonia","tag-estonian","tag-featured-news","tag-featurednews","tag-hasartmangumaks","tag-hasartmanguseadus","tag-headlines","tag-kaughasartmangud","tag-latest-news","tag-latestnews","tag-netikasiinod","tag-news","tag-nouniku-kommentaar","tag-osavusmang","tag-piia-schults","tag-populaarseimad-lood","tag-rahanduskomisjon","tag-riigikogu-kantselei","tag-top-stories","tag-topstories","tag-uldised-uudised","tag-uudised","tag-vallandamine","tag-viimased-uudised"],"share_on_mastodon":{"url":"https:\/\/pubeurope.com\/@ee\/116281167199866799","error":""},"_links":{"self":[{"href":"https:\/\/www.europesays.com\/ee\/wp-json\/wp\/v2\/posts\/136706","targetHints":{"allow":["GET"]}}],"collection":[{"href":"https:\/\/www.europesays.com\/ee\/wp-json\/wp\/v2\/posts"}],"about":[{"href":"https:\/\/www.europesays.com\/ee\/wp-json\/wp\/v2\/types\/post"}],"author":[{"embeddable":true,"href":"https:\/\/www.europesays.com\/ee\/wp-json\/wp\/v2\/users\/2"}],"replies":[{"embeddable":true,"href":"https:\/\/www.europesays.com\/ee\/wp-json\/wp\/v2\/comments?post=136706"}],"version-history":[{"count":0,"href":"https:\/\/www.europesays.com\/ee\/wp-json\/wp\/v2\/posts\/136706\/revisions"}],"wp:featuredmedia":[{"embeddable":true,"href":"https:\/\/www.europesays.com\/ee\/wp-json\/wp\/v2\/media\/136707"}],"wp:attachment":[{"href":"https:\/\/www.europesays.com\/ee\/wp-json\/wp\/v2\/media?parent=136706"}],"wp:term":[{"taxonomy":"category","embeddable":true,"href":"https:\/\/www.europesays.com\/ee\/wp-json\/wp\/v2\/categories?post=136706"},{"taxonomy":"post_tag","embeddable":true,"href":"https:\/\/www.europesays.com\/ee\/wp-json\/wp\/v2\/tags?post=136706"}],"curies":[{"name":"wp","href":"https:\/\/api.w.org\/{rel}","templated":true}]}}