{"id":136736,"date":"2026-03-24T02:55:16","date_gmt":"2026-03-24T02:55:16","guid":{"rendered":"https:\/\/www.europesays.com\/ee\/136736\/"},"modified":"2026-03-24T02:55:16","modified_gmt":"2026-03-24T02:55:16","slug":"suri-spordiarst-ja-endine-korvpallur-toomas-tein-2","status":"publish","type":"post","link":"https:\/\/www.europesays.com\/ee\/136736\/","title":{"rendered":"Suri spordiarst ja endine korvpallur Toomas Tein"},"content":{"rendered":"<p>Tein l\u00f5petas 1973. aastal Tartu 3. keskkooli ja 1979. aastal spordimeditsiini erialal TR\u00dc arstiteaduskonna, lisaks t\u00e4iendas end traumatoloogia alal Moskva, Kiievi, P\u00f5hjamaade ja P\u00f5hja-Ameerika haiglates.<\/p>\n<p>Tein t\u00f6\u00f6tas aastak\u00fcmneid Tartus Maarjam\u00f5isa haiglas\/Tartu \u00dclikooli Kliinikumis traumatoloogi-ortopeedina. Alates 1996. aastast oli ka spordiarst AS Medexis. Lisaks on Tein kuulunud kergej\u00f5ustikuliidu juhatusse ja aastatel 2003-2005 riigikogu X koosseisu.<\/p>\n<p>Korvpalli hakkas Tein m\u00e4ngima Arne Laose \u00f5pilasena EPA LNSK-s ning j\u00e4tkas TR\u00dc-s Ernst Ehaveeru juhendamisel. Ta m\u00e4ngis NL-i meistriv\u00f5istlustel Eesti noorte- ja juunioride koondises, aastatel 1976-78 Kalevi duubelkoosseisus ja Ehitajas. <\/p>\n<p>Tema poeg Tanel oli tosin aastat Eesti korvpallikoondise liige ja valiti 2008. aastal Eesti aasta korvpalluriks.<\/p>\n<p>Toomas Teini \u00e4rasaatmine toimub laup\u00e4eval kell 15.00 Tartu Pauluse kirikus.<\/p>\n<p>Kuidas see lugu Sind end tundma pani? Saada <\/p>\n","protected":false},"excerpt":{"rendered":"Tein l\u00f5petas 1973. aastal Tartu 3. keskkooli ja 1979. aastal spordimeditsiini erialal TR\u00dc arstiteaduskonna, lisaks t\u00e4iendas end traumatoloogia&hellip;\n","protected":false},"author":2,"featured_media":136737,"comment_status":"","ping_status":"","sticky":false,"template":"","format":"standard","meta":{"footnotes":"","_share_on_mastodon":"0"},"categories":[12],"tags":[26,27,37,33,35,34,36,31,32,21,1513,28,29,19,25,10598,61542,23,24,22,20,30],"class_list":["post-136736","post","type-post","status-publish","format-standard","has-post-thumbnail","category-eesti","tag-breaking-news","tag-breakingnews","tag-ee","tag-eesti","tag-eesti-keel","tag-estonia","tag-estonian","tag-featured-news","tag-featurednews","tag-headlines","tag-korvpall","tag-latest-news","tag-latestnews","tag-news","tag-populaarseimad-lood","tag-tanel-tein","tag-toomas-tein","tag-top-stories","tag-topstories","tag-uldised-uudised","tag-uudised","tag-viimased-uudised"],"share_on_mastodon":{"url":"https:\/\/pubeurope.com\/@ee\/116281902620948906","error":""},"_links":{"self":[{"href":"https:\/\/www.europesays.com\/ee\/wp-json\/wp\/v2\/posts\/136736","targetHints":{"allow":["GET"]}}],"collection":[{"href":"https:\/\/www.europesays.com\/ee\/wp-json\/wp\/v2\/posts"}],"about":[{"href":"https:\/\/www.europesays.com\/ee\/wp-json\/wp\/v2\/types\/post"}],"author":[{"embeddable":true,"href":"https:\/\/www.europesays.com\/ee\/wp-json\/wp\/v2\/users\/2"}],"replies":[{"embeddable":true,"href":"https:\/\/www.europesays.com\/ee\/wp-json\/wp\/v2\/comments?post=136736"}],"version-history":[{"count":0,"href":"https:\/\/www.europesays.com\/ee\/wp-json\/wp\/v2\/posts\/136736\/revisions"}],"wp:featuredmedia":[{"embeddable":true,"href":"https:\/\/www.europesays.com\/ee\/wp-json\/wp\/v2\/media\/136737"}],"wp:attachment":[{"href":"https:\/\/www.europesays.com\/ee\/wp-json\/wp\/v2\/media?parent=136736"}],"wp:term":[{"taxonomy":"category","embeddable":true,"href":"https:\/\/www.europesays.com\/ee\/wp-json\/wp\/v2\/categories?post=136736"},{"taxonomy":"post_tag","embeddable":true,"href":"https:\/\/www.europesays.com\/ee\/wp-json\/wp\/v2\/tags?post=136736"}],"curies":[{"name":"wp","href":"https:\/\/api.w.org\/{rel}","templated":true}]}}