{"id":136797,"date":"2026-03-24T05:31:42","date_gmt":"2026-03-24T05:31:42","guid":{"rendered":"https:\/\/www.europesays.com\/ee\/136797\/"},"modified":"2026-03-24T05:31:42","modified_gmt":"2026-03-24T05:31:42","slug":"ilmateade-paev-tuleb-tuuline-ohtul-on-oodata-kerget-vihmasadu-maaleht","status":"publish","type":"post","link":"https:\/\/www.europesays.com\/ee\/136797\/","title":{"rendered":"ILMATEADE | P\u00e4ev tuleb tuuline, \u00f5htul on oodata kerget vihmasadu &#8211; Maaleht"},"content":{"rendered":"<ol>\n<li><a href=\"https:\/\/news.google.com\/rss\/articles\/CBMiqAFBVV95cUxNbXJydHBWeWloMDBmc1ZlSlFJc2FrR055QmM2NEdRVmdRV1VqbDZWNmVNV2tPX0ozY2Qxa2doS2o5Qkh6VzZ2SVB4S1VTMVdvVTdobGZ2M1dkNzlyeE9DX0QxUlF6MktwM2tUTGRsaVRTSGdUYUV5bXAxTWVPNlZrU0Q5Q1FPWHE2ZkoyNDc3cW9RWVZ3aGkzamhfZUxQRUJJb3M2RHE2QkU?oc=5\" target=\"_blank\" rel=\"nofollow noopener\">ILMATEADE | P\u00e4ev tuleb tuuline, \u00f5htul on oodata kerget vihmasadu<\/a>&nbsp;&nbsp;Maaleht<\/li>\n<li><a href=\"https:\/\/news.google.com\/rss\/articles\/CBMia0FVX3lxTFBBTVNIcHFFdXk5cktlWFB0Zy1ZVHhjX1o1b0lfQ1ljdFd3TkJTVXVjNXpPTnhvQjA4U1czZF9rM0hYR1BXd0FyU1hDY1NNckJ0NGxWa3VROGlPV0x3TWtUWThxdjJ4Y3ZsdkZv?oc=5\" target=\"_blank\" rel=\"nofollow noopener\">Uus n\u00e4dal algab pilves ilmaga<\/a>&nbsp;&nbsp;ERR<\/li>\n<li><a href=\"https:\/\/news.google.com\/rss\/articles\/CBMioAFBVV95cUxNVk5VNUxUMmQwYllHN2ZLUWRSTHA1UVhZZGgtSW9PckJxT2N1M3NlN0NrOFRKWmhMd3pucldKOG9hWGp0bXpwX290RkxsbDVxTURDaWgxa1Uxb3ZsRDE5OXFhc3pjclBYOXk0SlgxSm02RkZhZHJNclZIdWdhUWQ5VDI4dG5qVU5zQkZYLXNlcnJMd0JlMFNrSmFWaHF6dVhM?oc=5\" target=\"_blank\" rel=\"nofollow noopener\">Ilm muutub n\u00e4dala keskpaigaks tuulisemaks ja sajusemaks<\/a>&nbsp;&nbsp;Virumaa Teataja<\/li>\n<li><a href=\"https:\/\/news.google.com\/rss\/articles\/CBMivgFBVV95cUxPbmhfc3Zic1hzNEszR3hMeUc3MWM3UWItWGN1NWJwYnZ3ejA3cDRpS1NETFRGbEJoQlMyX2VBbnRGQVR2ZHRNalBwUzBvU2Fma3dNTjNQRDZBWVJVNEFlVzlFdVlEeDFzZFZwNTFzMVBKOWJuTVhPd0FmVm10dkMxMGFMUWFjeE5aWFFRNjFXN043dmdCdWJMR0sxOWdFVngyc2F1ZDNYUmVsRm9KQzE4LTViSjFHeGVaUmNiOTd3?oc=5\" target=\"_blank\" rel=\"nofollow noopener\">Moe Peenviinavabrik t\u00f5i Berliinist Craft Spirits konkursilt koju kolm medalit<\/a>&nbsp;&nbsp;Virumaa Teataja<\/li>\n<li><a href=\"https:\/\/news.google.com\/rss\/articles\/CBMihAFBVV95cUxOYmd4VzZOQWJFN09PWUtjbTdhZndOWnhqUVc5RVJHYWhkSThFVW8tMHhZTkdCYmpfZ3pvbEtieGxvV2duUHZIWUhiU0pCYjI4aVZZcmY2S2oxZmFlTXBzTXh2Z1ZHbE9SYWFNYUh0dkxyTVJBdXJBMldlUkplbmg2QWtnVlQ?oc=5\" target=\"_blank\" rel=\"nofollow noopener\">Uuel n\u00e4dalal muutub ilm sajuseks ja tuuliseks<\/a>&nbsp;&nbsp;Postimees<\/li>\n<\/ol>\n","protected":false},"excerpt":{"rendered":"ILMATEADE | P\u00e4ev tuleb tuuline, \u00f5htul on oodata kerget vihmasadu&nbsp;&nbsp;Maaleht Uus n\u00e4dal algab pilves ilmaga&nbsp;&nbsp;ERR Ilm muutub n\u00e4dala&hellip;\n","protected":false},"author":2,"featured_media":136798,"comment_status":"","ping_status":"","sticky":false,"template":"","format":"standard","meta":{"footnotes":"","_share_on_mastodon":"0"},"categories":[12],"tags":[26,27,37,33,35,34,36,31,32,21,3963,28,29,19,726,25,4262,2578,113,23,24,22,20,30],"class_list":["post-136797","post","type-post","status-publish","format-standard","has-post-thumbnail","category-eesti","tag-breaking-news","tag-breakingnews","tag-ee","tag-eesti","tag-eesti-keel","tag-estonia","tag-estonian","tag-featured-news","tag-featurednews","tag-headlines","tag-ilmateade","tag-latest-news","tag-latestnews","tag-news","tag-peipsi","tag-populaarseimad-lood","tag-ppa","tag-skandinaavia","tag-soome","tag-top-stories","tag-topstories","tag-uldised-uudised","tag-uudised","tag-viimased-uudised"],"share_on_mastodon":{"url":"https:\/\/pubeurope.com\/@ee\/116282516014565001","error":""},"_links":{"self":[{"href":"https:\/\/www.europesays.com\/ee\/wp-json\/wp\/v2\/posts\/136797","targetHints":{"allow":["GET"]}}],"collection":[{"href":"https:\/\/www.europesays.com\/ee\/wp-json\/wp\/v2\/posts"}],"about":[{"href":"https:\/\/www.europesays.com\/ee\/wp-json\/wp\/v2\/types\/post"}],"author":[{"embeddable":true,"href":"https:\/\/www.europesays.com\/ee\/wp-json\/wp\/v2\/users\/2"}],"replies":[{"embeddable":true,"href":"https:\/\/www.europesays.com\/ee\/wp-json\/wp\/v2\/comments?post=136797"}],"version-history":[{"count":0,"href":"https:\/\/www.europesays.com\/ee\/wp-json\/wp\/v2\/posts\/136797\/revisions"}],"wp:featuredmedia":[{"embeddable":true,"href":"https:\/\/www.europesays.com\/ee\/wp-json\/wp\/v2\/media\/136798"}],"wp:attachment":[{"href":"https:\/\/www.europesays.com\/ee\/wp-json\/wp\/v2\/media?parent=136797"}],"wp:term":[{"taxonomy":"category","embeddable":true,"href":"https:\/\/www.europesays.com\/ee\/wp-json\/wp\/v2\/categories?post=136797"},{"taxonomy":"post_tag","embeddable":true,"href":"https:\/\/www.europesays.com\/ee\/wp-json\/wp\/v2\/tags?post=136797"}],"curies":[{"name":"wp","href":"https:\/\/api.w.org\/{rel}","templated":true}]}}