{"id":136891,"date":"2026-03-24T08:15:09","date_gmt":"2026-03-24T08:15:09","guid":{"rendered":"https:\/\/www.europesays.com\/ee\/136891\/"},"modified":"2026-03-24T08:15:09","modified_gmt":"2026-03-24T08:15:09","slug":"tohoh-beyonce-lauljast-oe-solangei-poeg-kais-kohtamas-tosielustaariga-kes-on-vanem-tema-kuulsast-emast","status":"publish","type":"post","link":"https:\/\/www.europesays.com\/ee\/136891\/","title":{"rendered":"Tohoh! Beyonc\u00e9 lauljast \u00f5e Solange\u2019i poeg k\u00e4is kohtamas t\u00f5sielustaariga, kes on vanem tema kuulsast emast"},"content":{"rendered":"<p>Sotsiaalmeedias hakkas eile levima video, kust on n\u00e4ha, et lauljatar Solange\u2019i poeg Julez Smith saab l\u00e4hedaselt l\u00e4bi r\u00e4ppari ja t\u00f5sielustaariga Tommie Leega. Klipist on n\u00e4ha, kuidas Tommie on Julezi seljas ja noormees tassib teda.<\/p>\n<p>Seejuures on huvitav t\u00f5ik, et Julez on 21-aastane, Tommie aga 41-aastane. Julezi kuulus ema on Tommiest vaid kaks aastat noorem &#8211; Solange on 39-aastane. <\/p>\n<p>Julez ja Tommie paistsid video j\u00e4rgi h\u00e4sti l\u00e4bi saavat. \u201eSee on seda t\u00fc\u00fcpi pask, mida sa teed, kui sulle meeldib keegi,\u201c \u00fctleb noormees videos samal ajal, kui ta Tommiet enda seljal kannab. R\u00e4ppar n\u00e4itas seej\u00e4rel oma paljaid jalgu ning Julez kandis teda edasi. T\u00f5sielustaar kutsus Julezi ka oma kallikeseks ning toetas oma pead vastu tema selga. <\/p>\n<p>Sotsiaalmeedias levima l\u00e4inud klipi juurde oli kirjutatud, et v\u00e4idetavalt olid Tommie Lee ja Solange\u2019i poeg eelmisel \u00f5htul koos v\u00e4ljas k\u00e4inud.<\/p>\n<p>Julez tegutseb modellina ja tegi oma moelavadeb\u00fc\u00fcdi 2024. aastal Luar\u2019i moes\u00f5ul. Publikus olid teda toetamas popstaarist t\u00e4di Beyonc\u00e9 ja vanaema Tina Knowles. Julez on korduvalt \u00fcles astunud nii Pariisi, Milano kui ka New Yorki moen\u00e4dala s\u00f5udel.<\/p>\n<p>Tommie Lee minevik on seevastu tunduvalt kirjum. 2019. aastal vahistati ta p\u00e4rast seda, kui ilmus kohtusse purjusp\u00e4i. Kohtusse saabus ta seet\u00f5ttu, et seal arutati tema lapse v\u00e4\u00e4rkohtlemisega seotud juhtumit, vahendab Page Six. Tolle aasta jaanuaris esitati talle s\u00fc\u00fcdistus mitmes kuriteos, mis puudutasid 2018. aastal toimunud intsidenti, kus Tommie Lee oli \u00fchte oma lastest juustest tirinud ja l\u00fckanud tema pea \u00fchte metallkappi lapse koolis. Toona tunnistas Tommie Lee, et tal on probleem ja ta on abi otsinud. <\/p>\n<p>Ta m\u00f5isteti 10 aastaks vandi, kuid ta ei pidanud trellide taha minema, kuna talle m\u00e4\u00e4rati tingimisi karistus ja ta l\u00e4bis talle m\u00e4\u00e4ratud programmi. <\/p>\n<p>Kuidas see lugu Sind end tundma pani? Saada <a href=\"https:\/\/kroonika.delfi.ee\/artikkel\/120448561\/tohoh-beyonce-lauljast-oe-solange-i-poeg-kais-kohtamas-tosielustaariga-kes-on-vanem-tema-kuulsast-emast\/kommentaarid\" class=\"article-body-bottom__comment article-body-bottom__comment--write button button--primary button--size-auto\" rel=\"nofollow noopener\" target=\"_blank\"> Kommenteeri <\/a><a href=\"https:\/\/kroonika.delfi.ee\/artikkel\/120448561\/tohoh-beyonce-lauljast-oe-solange-i-poeg-kais-kohtamas-tosielustaariga-kes-on-vanem-tema-kuulsast-emast\/kommentaarid\" class=\"article-body-bottom__comment article-body-bottom__comment--read button button--size-auto\" rel=\"nofollow noopener\" target=\"_blank\"> Loe kommentaare <\/a><\/p>\n","protected":false},"excerpt":{"rendered":"Sotsiaalmeedias hakkas eile levima video, kust on n\u00e4ha, et lauljatar Solange\u2019i poeg Julez Smith saab l\u00e4hedaselt l\u00e4bi r\u00e4ppari&hellip;\n","protected":false},"author":2,"featured_media":136892,"comment_status":"","ping_status":"","sticky":false,"template":"","format":"standard","meta":{"footnotes":"","_share_on_mastodon":"0"},"categories":[16],"tags":[830,37,33,35,173,34,36,140],"class_list":["post-136891","post","type-post","status-publish","format-standard","has-post-thumbnail","category-meelelahutus","tag-beyonce","tag-ee","tag-eesti","tag-eesti-keel","tag-entertainment","tag-estonia","tag-estonian","tag-meelelahutus"],"share_on_mastodon":{"url":"https:\/\/pubeurope.com\/@ee\/116283160975077248","error":""},"_links":{"self":[{"href":"https:\/\/www.europesays.com\/ee\/wp-json\/wp\/v2\/posts\/136891","targetHints":{"allow":["GET"]}}],"collection":[{"href":"https:\/\/www.europesays.com\/ee\/wp-json\/wp\/v2\/posts"}],"about":[{"href":"https:\/\/www.europesays.com\/ee\/wp-json\/wp\/v2\/types\/post"}],"author":[{"embeddable":true,"href":"https:\/\/www.europesays.com\/ee\/wp-json\/wp\/v2\/users\/2"}],"replies":[{"embeddable":true,"href":"https:\/\/www.europesays.com\/ee\/wp-json\/wp\/v2\/comments?post=136891"}],"version-history":[{"count":0,"href":"https:\/\/www.europesays.com\/ee\/wp-json\/wp\/v2\/posts\/136891\/revisions"}],"wp:featuredmedia":[{"embeddable":true,"href":"https:\/\/www.europesays.com\/ee\/wp-json\/wp\/v2\/media\/136892"}],"wp:attachment":[{"href":"https:\/\/www.europesays.com\/ee\/wp-json\/wp\/v2\/media?parent=136891"}],"wp:term":[{"taxonomy":"category","embeddable":true,"href":"https:\/\/www.europesays.com\/ee\/wp-json\/wp\/v2\/categories?post=136891"},{"taxonomy":"post_tag","embeddable":true,"href":"https:\/\/www.europesays.com\/ee\/wp-json\/wp\/v2\/tags?post=136891"}],"curies":[{"name":"wp","href":"https:\/\/api.w.org\/{rel}","templated":true}]}}