{"id":136937,"date":"2026-03-24T09:14:08","date_gmt":"2026-03-24T09:14:08","guid":{"rendered":"https:\/\/www.europesays.com\/ee\/136937\/"},"modified":"2026-03-24T09:14:08","modified_gmt":"2026-03-24T09:14:08","slug":"hormuzi-vaina-blokaad-ohustab-lisaks-naftale-ka-mikrokiipide-tootmist","status":"publish","type":"post","link":"https:\/\/www.europesays.com\/ee\/136937\/","title":{"rendered":"Hormuzi v\u00e4ina blokaad ohustab lisaks naftale ka mikrokiipide tootmist"},"content":{"rendered":"<p>Hormuzi v\u00e4ina faktiline blokaad, mille kutsus esile USA ja Iisraeli s\u00f5jalise konflikti laienemine Iraaniga, ei m\u00f5juta ainult nafta ja gaasi eksporti, vaid v\u00f5ib tugevalt tabada ka k\u00f5rgtehnoloogiat\u00f6\u00f6stust. Nagu <a rel=\"noopener follow nofollow\" target=\"_blank\" href=\"https:\/\/www.scientificamerican.com\/article\/the-iran-war-disrupts-global-helium-supply-and-artificial-intelligence-chip\/\" data-rel-date-range=\"[]\">kirjutab <\/a>Scientific American, on ohus heeliumi tarned, mida kasutatakse mikrokiipide tootmisel ning ilma milleta ei saa pooljuhtide t\u00f6\u00f6stus toimida.<\/p>\n<p>Katar toodab umbes kolmandiku maailma heeliumist ning suur osa sellest liigub l\u00e4bi Hormuzi v\u00e4ina. Kui blokaad peaks kestma, m\u00f5jutab see k\u00f5ige rohkem riike ja ettev\u00f5tteid, mis s\u00f5ltuvad otseselt Katari tarnetest, sealhulgas Jaapanit, Singapuri, L\u00f5una-Koread ja Taiwani. Just Taiwanis tegutseb maailma suurim ja tehnoloogiliselt arenenum pooljuhtide tootja TSMC, kelle toodang on kriitilise t\u00e4htsusega kogu globaalsele elektroonikat\u00f6\u00f6stusele. Probleemid TSMC tootmises m\u00f5jutaksid kiiresti nii arvutite, nutitelefonide kui ka autode tootmist.<\/p>\n<p>Eksperdid hoiatavad, et isegi juhul, kui v\u00e4ina blokaad kiiresti l\u00f5peb, ei normaliseeru olukord kohe. Vedela heeliumi transportimiseks kasutatakse kalleid kr\u00fcogeenseid mahuteid, mida on maailmas v\u00e4he ning osa neist on j\u00e4\u00e4nud Katari juures l\u00f5ksu. Seet\u00f5ttu v\u00f5ivad h\u00e4ired tarneahelates kesta veel v\u00e4hemalt mitu kuud p\u00e4rast seda, kui laevaliiklus taastub.<\/p>\n<p>Kuidas see lugu Sind end tundma pani? Saada <a href=\"https:\/\/forte.delfi.ee\/artikkel\/120448594\/hormuzi-vaina-blokaad-ohustab-lisaks-naftale-ka-mikrokiipide-tootmist\/kommentaarid\" class=\"article-body-bottom__comment article-body-bottom__comment--write button button--primary button--size-auto\" rel=\"nofollow noopener\" target=\"_blank\"> Kommenteeri <\/a><a href=\"https:\/\/forte.delfi.ee\/artikkel\/120448594\/hormuzi-vaina-blokaad-ohustab-lisaks-naftale-ka-mikrokiipide-tootmist\/kommentaarid\" class=\"article-body-bottom__comment article-body-bottom__comment--read button button--size-auto\" rel=\"nofollow noopener\" target=\"_blank\"> Loe kommentaare (4)<\/a><\/p>\n","protected":false},"excerpt":{"rendered":"Hormuzi v\u00e4ina faktiline blokaad, mille kutsus esile USA ja Iisraeli s\u00f5jalise konflikti laienemine Iraaniga, ei m\u00f5juta ainult nafta&hellip;\n","protected":false},"author":2,"featured_media":136938,"comment_status":"","ping_status":"","sticky":false,"template":"","format":"standard","meta":{"footnotes":"","_share_on_mastodon":"0"},"categories":[14],"tags":[131,130,37,33,35,34,36,11678],"class_list":["post-136937","post","type-post","status-publish","format-standard","has-post-thumbnail","category-ari","tag-ari","tag-business","tag-ee","tag-eesti","tag-eesti-keel","tag-estonia","tag-estonian","tag-mikrokiibid"],"share_on_mastodon":{"url":"https:\/\/pubeurope.com\/@ee\/116283392952999315","error":""},"_links":{"self":[{"href":"https:\/\/www.europesays.com\/ee\/wp-json\/wp\/v2\/posts\/136937","targetHints":{"allow":["GET"]}}],"collection":[{"href":"https:\/\/www.europesays.com\/ee\/wp-json\/wp\/v2\/posts"}],"about":[{"href":"https:\/\/www.europesays.com\/ee\/wp-json\/wp\/v2\/types\/post"}],"author":[{"embeddable":true,"href":"https:\/\/www.europesays.com\/ee\/wp-json\/wp\/v2\/users\/2"}],"replies":[{"embeddable":true,"href":"https:\/\/www.europesays.com\/ee\/wp-json\/wp\/v2\/comments?post=136937"}],"version-history":[{"count":0,"href":"https:\/\/www.europesays.com\/ee\/wp-json\/wp\/v2\/posts\/136937\/revisions"}],"wp:featuredmedia":[{"embeddable":true,"href":"https:\/\/www.europesays.com\/ee\/wp-json\/wp\/v2\/media\/136938"}],"wp:attachment":[{"href":"https:\/\/www.europesays.com\/ee\/wp-json\/wp\/v2\/media?parent=136937"}],"wp:term":[{"taxonomy":"category","embeddable":true,"href":"https:\/\/www.europesays.com\/ee\/wp-json\/wp\/v2\/categories?post=136937"},{"taxonomy":"post_tag","embeddable":true,"href":"https:\/\/www.europesays.com\/ee\/wp-json\/wp\/v2\/tags?post=136937"}],"curies":[{"name":"wp","href":"https:\/\/api.w.org\/{rel}","templated":true}]}}