{"id":136949,"date":"2026-03-24T09:27:06","date_gmt":"2026-03-24T09:27:06","guid":{"rendered":"https:\/\/www.europesays.com\/ee\/136949\/"},"modified":"2026-03-24T09:27:06","modified_gmt":"2026-03-24T09:27:06","slug":"florian-wahl-ja-ekkm-panevad-kokku-kaebekoori-kunst","status":"publish","type":"post","link":"https:\/\/www.europesays.com\/ee\/136949\/","title":{"rendered":"Florian Wahl ja EKKM panevad kokku kaebekoori | Kunst"},"content":{"rendered":"<p>Eesti Kaasaegse Kunsti Muuseum (EKKM) koost\u00f6\u00f6s Florian Wahliga korraldavad mais-juunis tasuta t\u00f6\u00f6toa ja kooriproovid, mille tulemusel valmib aktuaalsetel kaebustel p\u00f5hinev koorilaul.<\/p>\n<p>Tallinnas toimuva t\u00f6\u00f6toa ja kooriproovide k\u00e4igus paneb Florian Wahl kokku praegust aega peegeldava h\u00e4dalaulu, mida kantakse kaebekoori osalistega avalikult ette ning mille salvestust n\u00e4idatakse EKKM-i juubelin\u00e4itusel 2026. aasta suvel.<\/p>\n<p>&#8220;Kas k\u00fctuse hind l\u00f6\u00f6b hinge kinni v\u00f5i on ajab m\u00f5\u00f5du t\u00e4is autojuhtide ja jalgratturite vastasseis? \u00c4kki k\u00e4ivad sulle pinda hoopis proteiinitooted v\u00f5i et sa ei saanud piletit &#8220;Rahamaale&#8221;? M\u00f5ni pahandab varajase linnulaulu, teine hoopis umbes m\u00e4lumahu \u00fcle. H\u00e4da ei anna h\u00e4beneda! Enam ei pea oma kaebusi tagasi hoidma, s\u00f5brale v\u00f5i Facebooki pihtima, vaid hoopis kokku koguma,&#8221; selgitab EKKM.<\/p>\n<p>&#8220;Kaebekoor&#8221; on soome-saksa kunstnikeduo Tellervo Kalleineni ja Oliver Kochta-Kalleineni poolt 2005. aastal algatatud osaluskunsti projekt, mille raames on kunstnikud loonud koorilaule nii Birminghami, Helsingi, Melbourne&#8217;i, Chicago, Singapuri ja paljude teiste linlaste osalusel.<\/p>\n<p>Alates 2006. aastast on tegu vabavara teosega ning erinevad inimesed ja institutsioonid on &#8220;Kaebekoori&#8221; algatanud \u00fcle maailma. Tallinnas toimub &#8220;Kaebekoor&#8221; teist korda, viimati 2015. aastal Tallinna Kunstihoones n\u00e4itusel &#8220;Doings &amp; Knots&#8221;.<\/p>\n<p>Kaebekooris osalemiseks ei ole professionaalne lauluoskus vajalik, k\u00f5ik tasemed ja lauluh\u00e4\u00e4led on palavalt oodatud. T\u00f6\u00f6tuba ja kooriproovid toimuvad 11. mai ja 8. juuni vahemikus viiel korral EKKM-is. Kaebekoori saab registreerida <a href=\"https:\/\/docs.google.com\/forms\/d\/e\/1FAIpQLSceDdaiZjPM7-Dc3DBplkIwhQekQahbSL1pKt1eyah_WZPdSg\/viewform\" target=\"_blank\" rel=\"noopener nofollow\">siin<\/a>.<\/p>\n","protected":false},"excerpt":{"rendered":"Eesti Kaasaegse Kunsti Muuseum (EKKM) koost\u00f6\u00f6s Florian Wahliga korraldavad mais-juunis tasuta t\u00f6\u00f6toa ja kooriproovid, mille tulemusel valmib aktuaalsetel&hellip;\n","protected":false},"author":2,"featured_media":136950,"comment_status":"","ping_status":"","sticky":false,"template":"","format":"standard","meta":{"footnotes":"","_share_on_mastodon":"0"},"categories":[12],"tags":[26,27,37,33,35,20945,34,36,31,32,21078,21,61606,28,29,19,25,23,24,22,20,30],"class_list":["post-136949","post","type-post","status-publish","format-standard","has-post-thumbnail","category-eesti","tag-breaking-news","tag-breakingnews","tag-ee","tag-eesti","tag-eesti-keel","tag-ekkm","tag-estonia","tag-estonian","tag-featured-news","tag-featurednews","tag-florian-wahl","tag-headlines","tag-kaebekoor","tag-latest-news","tag-latestnews","tag-news","tag-populaarseimad-lood","tag-top-stories","tag-topstories","tag-uldised-uudised","tag-uudised","tag-viimased-uudised"],"share_on_mastodon":{"url":"https:\/\/pubeurope.com\/@ee\/116283444107976580","error":""},"_links":{"self":[{"href":"https:\/\/www.europesays.com\/ee\/wp-json\/wp\/v2\/posts\/136949","targetHints":{"allow":["GET"]}}],"collection":[{"href":"https:\/\/www.europesays.com\/ee\/wp-json\/wp\/v2\/posts"}],"about":[{"href":"https:\/\/www.europesays.com\/ee\/wp-json\/wp\/v2\/types\/post"}],"author":[{"embeddable":true,"href":"https:\/\/www.europesays.com\/ee\/wp-json\/wp\/v2\/users\/2"}],"replies":[{"embeddable":true,"href":"https:\/\/www.europesays.com\/ee\/wp-json\/wp\/v2\/comments?post=136949"}],"version-history":[{"count":0,"href":"https:\/\/www.europesays.com\/ee\/wp-json\/wp\/v2\/posts\/136949\/revisions"}],"wp:featuredmedia":[{"embeddable":true,"href":"https:\/\/www.europesays.com\/ee\/wp-json\/wp\/v2\/media\/136950"}],"wp:attachment":[{"href":"https:\/\/www.europesays.com\/ee\/wp-json\/wp\/v2\/media?parent=136949"}],"wp:term":[{"taxonomy":"category","embeddable":true,"href":"https:\/\/www.europesays.com\/ee\/wp-json\/wp\/v2\/categories?post=136949"},{"taxonomy":"post_tag","embeddable":true,"href":"https:\/\/www.europesays.com\/ee\/wp-json\/wp\/v2\/tags?post=136949"}],"curies":[{"name":"wp","href":"https:\/\/api.w.org\/{rel}","templated":true}]}}