{"id":136958,"date":"2026-03-24T09:37:07","date_gmt":"2026-03-24T09:37:07","guid":{"rendered":"https:\/\/www.europesays.com\/ee\/136958\/"},"modified":"2026-03-24T09:37:07","modified_gmt":"2026-03-24T09:37:07","slug":"venemaa-rundas-ukrainat-rakettide-ja-droonidega-poltavas-ja-zaporizzjas-hukkusid-inimesed","status":"publish","type":"post","link":"https:\/\/www.europesays.com\/ee\/136958\/","title":{"rendered":"Venemaa r\u00fcndas Ukrainat rakettide ja droonidega. Poltavas ja Zapori\u017e\u017ejas hukkusid inimesed"},"content":{"rendered":"<p><a rel=\"noopener nofollow\" target=\"_blank\" href=\"https:\/\/www.delfi.ee\/teema\/96844386\/poltava\" tag-id=\"96844386\">Poltava<\/a> oblasti s\u00f5jaadministratsiooni juht Vitali Djakivn\u00f5t\u0161 teatas, et kahjustada said elumajad ja hotell. Kaks inimest hukkus ja 12 sai vigastada.<\/p>\n<p>Samuti r\u00fcndas Venemaa droonide ja rakettidega <a rel=\"noopener nofollow\" target=\"_blank\" href=\"https:\/\/www.delfi.ee\/teema\/61212866\/zaporizzja\" tag-id=\"61212866\">Zapori\u017e\u017ejat<\/a>, teatas oblasti s\u00f5jaadministratsiooni juht Ivan Fedorov.<\/p>\n<p>Kahjustada said kuus kortermaja, kaks eramaja, pood, mitteeluruumid ja t\u00f6\u00f6stusobjekt.<\/p>\n<p>Zapori\u017e\u017ejas hukkus \u00fcks ja sai vigastada \u00fcheksa inimest.<\/p>\n<p>Kuidas see lugu Sind end tundma pani? Saada <\/p>\n","protected":false},"excerpt":{"rendered":"Poltava oblasti s\u00f5jaadministratsiooni juht Vitali Djakivn\u00f5t\u0161 teatas, et kahjustada said elumajad ja hotell. Kaks inimest hukkus ja 12&hellip;\n","protected":false},"author":2,"featured_media":136959,"comment_status":"","ping_status":"","sticky":false,"template":"","format":"standard","meta":{"footnotes":"","_share_on_mastodon":"0"},"categories":[80],"tags":[26,27,37,33,35,34,36,31,32,21,28,29,95,19,8852,25,107,23,24,262,22,20,96,30,92,93,94,1839],"class_list":["post-136958","post","type-post","status-publish","format-standard","has-post-thumbnail","category-maailm","tag-breaking-news","tag-breakingnews","tag-ee","tag-eesti","tag-eesti-keel","tag-estonia","tag-estonian","tag-featured-news","tag-featurednews","tag-headlines","tag-latest-news","tag-latestnews","tag-maailm","tag-news","tag-poltava","tag-populaarseimad-lood","tag-soda-ukrainas","tag-top-stories","tag-topstories","tag-ukraina","tag-uldised-uudised","tag-uudised","tag-venemaa","tag-viimased-uudised","tag-world","tag-world-news","tag-worldnews","tag-zaporizzja"],"share_on_mastodon":{"url":"https:\/\/pubeurope.com\/@ee\/116283483337353938","error":""},"_links":{"self":[{"href":"https:\/\/www.europesays.com\/ee\/wp-json\/wp\/v2\/posts\/136958","targetHints":{"allow":["GET"]}}],"collection":[{"href":"https:\/\/www.europesays.com\/ee\/wp-json\/wp\/v2\/posts"}],"about":[{"href":"https:\/\/www.europesays.com\/ee\/wp-json\/wp\/v2\/types\/post"}],"author":[{"embeddable":true,"href":"https:\/\/www.europesays.com\/ee\/wp-json\/wp\/v2\/users\/2"}],"replies":[{"embeddable":true,"href":"https:\/\/www.europesays.com\/ee\/wp-json\/wp\/v2\/comments?post=136958"}],"version-history":[{"count":0,"href":"https:\/\/www.europesays.com\/ee\/wp-json\/wp\/v2\/posts\/136958\/revisions"}],"wp:featuredmedia":[{"embeddable":true,"href":"https:\/\/www.europesays.com\/ee\/wp-json\/wp\/v2\/media\/136959"}],"wp:attachment":[{"href":"https:\/\/www.europesays.com\/ee\/wp-json\/wp\/v2\/media?parent=136958"}],"wp:term":[{"taxonomy":"category","embeddable":true,"href":"https:\/\/www.europesays.com\/ee\/wp-json\/wp\/v2\/categories?post=136958"},{"taxonomy":"post_tag","embeddable":true,"href":"https:\/\/www.europesays.com\/ee\/wp-json\/wp\/v2\/tags?post=136958"}],"curies":[{"name":"wp","href":"https:\/\/api.w.org\/{rel}","templated":true}]}}