{"id":137007,"date":"2026-03-24T10:29:11","date_gmt":"2026-03-24T10:29:11","guid":{"rendered":"https:\/\/www.europesays.com\/ee\/137007\/"},"modified":"2026-03-24T10:29:11","modified_gmt":"2026-03-24T10:29:11","slug":"kultuuris-kuum-%e2%9f%a9-kunstnik-epp-maria-kokamagi-maailmas-on-pead-tostnud-mustad-joud-postimees","status":"publish","type":"post","link":"https:\/\/www.europesays.com\/ee\/137007\/","title":{"rendered":"KULTUURIS KUUM \u27e9 Kunstnik Epp Maria Kokam\u00e4gi: maailmas on pead t\u00f5stnud mustad j\u00f5ud &#8211; Postimees"},"content":{"rendered":"<ol>\n<li><a href=\"https:\/\/news.google.com\/rss\/articles\/CBMitwFBVV95cUxOSTB0Z19rRW4tOFNRZ3V5TEVzLV9zVnRRb0kyZ2c1TjhzelNrQUlpMEtmNTNYdVc1eU8tNTVITnIwS3Q0VWtrLThuOFlBQjEwU1ZSbE1lS0hxQXNHekxIRU9BS0dHRVJJMmJwellXRDFoMWZ5TnRsSGxVcktSVnBmVUJNQUU5UXVXSFppQVA3VGtaVVFkM0VpS3NZaUYxVEk0X2Zpa0NlMkdkQjF2OTVWd2RPMkdKdFk?oc=5\" target=\"_blank\" rel=\"nofollow noopener\">KULTUURIS KUUM \u27e9 Kunstnik Epp Maria Kokam\u00e4gi: maailmas on pead t\u00f5stnud mustad j\u00f5ud<\/a>&nbsp;&nbsp;Postimees<\/li>\n<li><a href=\"https:\/\/news.google.com\/rss\/articles\/CBMivwFBVV95cUxPcU1TNWFVOTRCMGtseHlOSHM3TnJJNDdWcGZ5bEFXMkhsMVFzaGlhOVlVT0NMOFRDN1k2bW9UaFpiTEVfWUxyWXM2ZGh4aEJ0aTd2V3VFTmFXOVUxd2JUOWxkcWJGbXRhcXhJaVB4M3BONy03X0ZkQkdwT0xOS3NZS2g2SUJtSWh4TmZhUTFYZjRSYnRSMk5rS1daY3JKMk1WMEswR0p1QkdQbGRxTHdEcmZZQTE2cDhXSGh3MDlxQQ?oc=5\" target=\"_blank\" rel=\"nofollow noopener\">VIDEO | Re\u017eiss\u00f6\u00f6r Anu Aun: portreefilmid tuntud muusadest on t\u00f5ukunud minu enda maitsest<\/a>&nbsp;&nbsp;\u00d5htuleht<\/li>\n<li><a href=\"https:\/\/news.google.com\/rss\/articles\/CBMi2AFBVV95cUxQOFA0VkF6SGstZDh3ajRqSjVUd0lYMThLT3JrbFhMT1FCYVpqajItYjctSEFLQnhLRU16WDNSSzJ3aGFGY2F3eUROTThvcTZHSjZyc1VuXzVCeGpfQWhlR0dZdjNVVFFZX2F2aVlDM1Zpb1JNaVEwMk5IcW5YQ09IVlVqU01xdzlUVXBkQk5iRTlZZzNZdEhsZmRDRXU0ZkFtYWxtLXp0TjNXaE1NR0JMNUlNZzhFZEpCemhxeks0Q1BsM3RWcVlackxIdXZ4LWpqcGk1d05TSkk?oc=5\" target=\"_blank\" rel=\"nofollow noopener\">FOTOD | Portreefilm \u201eEpp Maria. Elu maalides\u201c n\u00e4gi ilmavalgust. Vaata, kes kogunesid esilinastusele!<\/a>&nbsp;&nbsp;Kroonika<\/li>\n<li><a href=\"https:\/\/news.google.com\/rss\/articles\/CBMipAFBVV95cUxPcFlBNjBfV3dHQlZvR05DbVc3b2hpYXVNMTVCZ1I5Wlh2WFVBSE9oWmszWTAzN3FCTzJVMWJqWHFhRlZ4dVI1WEhDejB0QnFJVHlZdVgwSXJURjV6Y1daVGRvM2ozRVNZZWJOZzNLbUtmUi15WXc2M19VbUpuaXNoQjBzWFhMb09ySHJuR2JsSXNDUEZ5U1E5WW0xN0I5ZkhyTWRGNQ?oc=5\" target=\"_blank\" rel=\"nofollow noopener\">Pildid: Tallinnas esilinastus Anu Auna dokfilm &#8220;Epp Maria. Elu maalides&#8221;<\/a>&nbsp;&nbsp;ERR<\/li>\n<li><a href=\"https:\/\/news.google.com\/rss\/articles\/CBMiP0FVX3lxTE00VDlyUlZvbnBnelhIQU1WSmdyc0RvMm5pQ0FQRFhRS3BiU1NENGtMY1hKcWxBLXRWeUxBOU1tRQ?oc=5\" target=\"_blank\" rel=\"nofollow noopener\">Epp Maria Kokam\u00e4gi: Eestimaal on v\u00f5imalik luua oma paradiislik Toskaana<\/a>&nbsp;&nbsp;Uudis.net<\/li>\n<\/ol>\n","protected":false},"excerpt":{"rendered":"KULTUURIS KUUM \u27e9 Kunstnik Epp Maria Kokam\u00e4gi: maailmas on pead t\u00f5stnud mustad j\u00f5ud&nbsp;&nbsp;Postimees VIDEO | Re\u017eiss\u00f6\u00f6r Anu Aun:&hellip;\n","protected":false},"author":2,"featured_media":137008,"comment_status":"","ping_status":"","sticky":false,"template":"","format":"standard","meta":{"footnotes":"","_share_on_mastodon":"0"},"categories":[16],"tags":[19453,3925,37,33,60046,35,173,15628,34,36,3274,140,3278,61658,3921],"class_list":["post-137007","post","type-post","status-publish","format-standard","has-post-thumbnail","category-meelelahutus","tag-anu-aun","tag-dokumentaalfilm","tag-ee","tag-eesti","tag-eesti-dokumentaalfilm","tag-eesti-keel","tag-entertainment","tag-epp-maria-kokamagi","tag-estonia","tag-estonian","tag-kultuuris-kuum","tag-meelelahutus","tag-podcast-kultuuris-kuum","tag-portreefilm","tag-ralf-sauter"],"share_on_mastodon":{"url":"https:\/\/pubeurope.com\/@ee\/116283687721245348","error":""},"_links":{"self":[{"href":"https:\/\/www.europesays.com\/ee\/wp-json\/wp\/v2\/posts\/137007","targetHints":{"allow":["GET"]}}],"collection":[{"href":"https:\/\/www.europesays.com\/ee\/wp-json\/wp\/v2\/posts"}],"about":[{"href":"https:\/\/www.europesays.com\/ee\/wp-json\/wp\/v2\/types\/post"}],"author":[{"embeddable":true,"href":"https:\/\/www.europesays.com\/ee\/wp-json\/wp\/v2\/users\/2"}],"replies":[{"embeddable":true,"href":"https:\/\/www.europesays.com\/ee\/wp-json\/wp\/v2\/comments?post=137007"}],"version-history":[{"count":0,"href":"https:\/\/www.europesays.com\/ee\/wp-json\/wp\/v2\/posts\/137007\/revisions"}],"wp:featuredmedia":[{"embeddable":true,"href":"https:\/\/www.europesays.com\/ee\/wp-json\/wp\/v2\/media\/137008"}],"wp:attachment":[{"href":"https:\/\/www.europesays.com\/ee\/wp-json\/wp\/v2\/media?parent=137007"}],"wp:term":[{"taxonomy":"category","embeddable":true,"href":"https:\/\/www.europesays.com\/ee\/wp-json\/wp\/v2\/categories?post=137007"},{"taxonomy":"post_tag","embeddable":true,"href":"https:\/\/www.europesays.com\/ee\/wp-json\/wp\/v2\/tags?post=137007"}],"curies":[{"name":"wp","href":"https:\/\/api.w.org\/{rel}","templated":true}]}}