{"id":137140,"date":"2026-03-24T12:57:12","date_gmt":"2026-03-24T12:57:12","guid":{"rendered":"https:\/\/www.europesays.com\/ee\/137140\/"},"modified":"2026-03-24T12:57:12","modified_gmt":"2026-03-24T12:57:12","slug":"vagevas-hoos-jannik-sinner-uletas-novak-djokovicile-kuulunud-rekordi","status":"publish","type":"post","link":"https:\/\/www.europesays.com\/ee\/137140\/","title":{"rendered":"V\u00e4gevas hoos Jannik Sinner \u00fcletas Novak Djokovicile kuulunud rekordi"},"content":{"rendered":"<p>24-aastane itaallane alistas Eesti aja j\u00e4rgi \u00f6\u00f6l vastu teisip\u00e4eva Miami Openi teises ringis prantslane Corentin Moutet\u2019 (ATP 33.) 6:1, 6:4.<\/p>\n<p>See t\u00e4hendas \u00fchtlasi, et Sinner v\u00f5itis Masters 1000 sarja turniiridel 25. ja 26. j\u00e4rjestikuse seti. Senine rekord kuulus serblasele Novak Djokovicile, kes suurte sl\u00e4mmide j\u00e4rel t\u00e4htsuselt teise sarja turniiridel v\u00f5itis 2016. aastal 24 j\u00e4rjestikust setti. Sinner v\u00f5itis mullu novembris Pariisis toimunud v\u00f5istluse settigi loovutamata ja suutis sama m\u00e4rtsi esimeses pooles toimunud Indian Wellsi ATP turniiril.<\/p>\n<p>\u201eOlen v\u00e4ga rahul. See sport on ennustamatu, mistap tuleb kogu aeg fookust hoida,\u201c r\u00e4\u00e4kis Sinner j\u00e4rjekordse v\u00f5idu j\u00e4rel, vahendas BBC. \u201eVaatame, mida j\u00e4rgmine ring toob.\u201c<\/p>\n<p>Miami Openi kaheksandikfinaalis l\u00e4heb Sinner vastamisi ameeriklase Alex Michelseniga (ATP 40.), kes alistas teises ringis t\u0161iillase Alejandro Tabilo (ATP 41.) 3:6, 6:3, 6:4.<\/p>\n<p>Itaallasel on v\u00f5imalus korrata m\u00e4rgilist saavutust. Nimelt suutis viimati meestest v\u00f5ita j\u00e4rjest nii Indian Wellsi kui Miami Openi <a rel=\"noopener nofollow\" target=\"_blank\" href=\"https:\/\/www.delfi.ee\/teema\/41888741\/roger-federer\" tag-id=\"41888741\">Roger Federer<\/a>, kes sai sellega hakkama 2017. aastal.<\/p>\n<p>Maailma esinumber <a rel=\"noopener nofollow\" target=\"_blank\" href=\"https:\/\/www.delfi.ee\/teema\/96332595\/carlos-alcaraz\" tag-id=\"96332595\">Carlos Alcaraz<\/a> langes Miamis 32 parema seas konkurentsist, kui hispaanlane kaotas ameeriklasele Sebastian Kordale 3:6, 7:5, 4:6. Korda kohtub j\u00e4rgmises ringis teise hispaanlase Martin Landalucega (ATP 151.).<\/p>\n<p>Kuidas see lugu Sind end tundma pani? Saada <a href=\"https:\/\/sport.delfi.ee\/artikkel\/120448622\/vagevas-hoos-jannik-sinner-uletas-novak-djokovicile-kuulunud-rekordi\/kommentaarid\" class=\"article-body-bottom__comment article-body-bottom__comment--write button button--primary button--size-auto\" rel=\"nofollow noopener\" target=\"_blank\"> Kommenteeri <\/a><a href=\"https:\/\/sport.delfi.ee\/artikkel\/120448622\/vagevas-hoos-jannik-sinner-uletas-novak-djokovicile-kuulunud-rekordi\/kommentaarid\" class=\"article-body-bottom__comment article-body-bottom__comment--read button button--size-auto\" rel=\"nofollow noopener\" target=\"_blank\"> Loe kommentaare (7)<\/a><\/p>\n","protected":false},"excerpt":{"rendered":"24-aastane itaallane alistas Eesti aja j\u00e4rgi \u00f6\u00f6l vastu teisip\u00e4eva Miami Openi teises ringis prantslane Corentin Moutet\u2019 (ATP 33.)&hellip;\n","protected":false},"author":2,"featured_media":137141,"comment_status":"","ping_status":"","sticky":false,"template":"","format":"standard","meta":{"footnotes":"","_share_on_mastodon":"0"},"categories":[18],"tags":[61732,3863,37,33,35,34,36,6291,8355,159,158,2827],"class_list":["post-137140","post","type-post","status-publish","format-standard","has-post-thumbnail","category-sport","tag-atp-masters","tag-carlos-alcaraz","tag-ee","tag-eesti","tag-eesti-keel","tag-estonia","tag-estonian","tag-jannik-sinner","tag-roger-federer","tag-sport","tag-sports","tag-tennis"],"share_on_mastodon":{"url":"https:\/\/pubeurope.com\/@ee\/116284269848929422","error":""},"_links":{"self":[{"href":"https:\/\/www.europesays.com\/ee\/wp-json\/wp\/v2\/posts\/137140","targetHints":{"allow":["GET"]}}],"collection":[{"href":"https:\/\/www.europesays.com\/ee\/wp-json\/wp\/v2\/posts"}],"about":[{"href":"https:\/\/www.europesays.com\/ee\/wp-json\/wp\/v2\/types\/post"}],"author":[{"embeddable":true,"href":"https:\/\/www.europesays.com\/ee\/wp-json\/wp\/v2\/users\/2"}],"replies":[{"embeddable":true,"href":"https:\/\/www.europesays.com\/ee\/wp-json\/wp\/v2\/comments?post=137140"}],"version-history":[{"count":0,"href":"https:\/\/www.europesays.com\/ee\/wp-json\/wp\/v2\/posts\/137140\/revisions"}],"wp:featuredmedia":[{"embeddable":true,"href":"https:\/\/www.europesays.com\/ee\/wp-json\/wp\/v2\/media\/137141"}],"wp:attachment":[{"href":"https:\/\/www.europesays.com\/ee\/wp-json\/wp\/v2\/media?parent=137140"}],"wp:term":[{"taxonomy":"category","embeddable":true,"href":"https:\/\/www.europesays.com\/ee\/wp-json\/wp\/v2\/categories?post=137140"},{"taxonomy":"post_tag","embeddable":true,"href":"https:\/\/www.europesays.com\/ee\/wp-json\/wp\/v2\/tags?post=137140"}],"curies":[{"name":"wp","href":"https:\/\/api.w.org\/{rel}","templated":true}]}}