{"id":137197,"date":"2026-03-24T14:02:12","date_gmt":"2026-03-24T14:02:12","guid":{"rendered":"https:\/\/www.europesays.com\/ee\/137197\/"},"modified":"2026-03-24T14:02:12","modified_gmt":"2026-03-24T14:02:12","slug":"kaitsevaest-sai-vaikse-tehnilise-eksimuse-tottu-moneks-paevaks-maksuvolglane","status":"publish","type":"post","link":"https:\/\/www.europesays.com\/ee\/137197\/","title":{"rendered":"Kaitsev\u00e4est sai v\u00e4ikse tehnilise eksimuse t\u00f5ttu m\u00f5neks p\u00e4evaks maksuv\u00f5lglane"},"content":{"rendered":"<p>Registri andmeil kukkus t\u00e4htaeg l\u00e4inud reedel ning selle seisuga oli maksmata \u00fchtekokku 173 431 eurot.<\/p>\n<p><img decoding=\"async\" src=\"https:\/\/www.europesays.com\/ee\/wp-content\/uploads\/2026\/03\/9ba33daf-cc2a-4f19-89df-04db42e8d1a7.jpg\" loading=\"lazy\" alt=\"J\u00e4rsku lakke lennanud v\u00f5lga n\u00e4itas ka majandusn\u00e4itajate portaal teatmik.ee.\"\/><\/p>\n<p><a rel=\"noopener nofollow\" target=\"_blank\" href=\"https:\/\/www.delfi.ee\/teema\/56815900\/maksu-ja-tolliamet\" tag-id=\"56815900\">Maksu- ja tolliameti<\/a> tulude osakonna juhataja Kerli Onno selgitas, et \u00fchessegi konkreetsesse maksumaksjasse puutuvat ei saa nad paraku kommenteerida. Seda p\u00f5hjusel, et selline teave on kaetud maksusaladusega, mida neil on kohustus hoida. <\/p>\n<p>Samas nentis Onno, et iga konkreetse isiku riigi ees olevaid <a rel=\"noopener nofollow\" target=\"_blank\" href=\"https:\/\/www.delfi.ee\/teema\/1551\/volg\" tag-id=\"1551\">v\u00f5lgu<\/a> saab isikukoodi v\u00f5i registrikoodi p\u00f5hjal kontrollida avaliku v\u00f5lap\u00e4ringu kaudu. \u201eV\u00f5lap\u00e4ringus kuvatakse maksuhalduri poolt sissen\u00f5utavaid t\u00e4htp\u00e4evaks tasumata n\u00f5udeid, mille avalikustamine on seadusega lubatud,\u201c selgitas ta. <\/p>\n<p>Arvestuslikku intressi ja alla 100 euro suurust v\u00f5lga p\u00e4ring seejuures ei kajasta. \u201eLisaks on avalikus v\u00f5lap\u00e4ringus v\u00e4lja toodud esitamata deklaratsioonide loetelu, v\u00f5lasumma n\u00f5ude liikide l\u00f5ikes ning v\u00f5lgnevuse vaidlustatud ja\/v\u00f5i tasumisgraafikus olev osa,\u201c m\u00e4rkis Kerli Onno. <\/p>\n<p>Esmasp\u00e4evase seisuga ei olnud mainitud v\u00f5lgnevust registris ka vaidlustatud ega tasumisgraafikusse m\u00e4rgitud, ent neidki andmeid ei saanud <a rel=\"noopener nofollow\" target=\"_blank\" href=\"https:\/\/www.delfi.ee\/teema\/82339133\/maksuamet\" tag-id=\"82339133\">maksuamet<\/a> l\u00e4hemalt kommenteerida, mist\u00f5ttu uuris Delfi \u00c4rileht v\u00f5la kohta kaitsev\u00e4elt endalt. <\/p>\n<p>Asja t\u00f5i selgust teisip\u00e4ev, mil v\u00f5lg oli registrist \u00e4kki kadunud. \u201eT\u00e4name p\u00e4ringu ja t\u00e4helepanelikkuse eest!\u201c \u00fctles \u00c4rilehele kapten Martin Hiir kaitsev\u00e4e peastaabi pressiosakonnast. <\/p>\n<p>Ta kinnitas, et Kaitsev\u00e4el ei ole tegelikult maksuv\u00f5lga. \u201eTegemist oli tehnilise eksimusega viitenumbrite kasutamisel, mis on t\u00e4naseks parandatud,\u201c kinnitas kapten Hiir. <\/p>\n<p>Kuidas see lugu Sind end tundma pani? Saada <a href=\"https:\/\/arileht.delfi.ee\/artikkel\/120448694\/kaitsevaest-sai-vaikse-tehnilise-eksimuse-tottu-moneks-paevaks-maksuvolglane\/kommentaarid\" class=\"article-body-bottom__comment article-body-bottom__comment--write button button--primary button--size-auto\" rel=\"nofollow noopener\" target=\"_blank\"> Kommenteeri <\/a><a href=\"https:\/\/arileht.delfi.ee\/artikkel\/120448694\/kaitsevaest-sai-vaikse-tehnilise-eksimuse-tottu-moneks-paevaks-maksuvolglane\/kommentaarid\" class=\"article-body-bottom__comment article-body-bottom__comment--read button button--size-auto\" rel=\"nofollow noopener\" target=\"_blank\"> Loe kommentaare (1)<\/a><\/p>\n","protected":false},"excerpt":{"rendered":"Registri andmeil kukkus t\u00e4htaeg l\u00e4inud reedel ning selle seisuga oli maksmata \u00fchtekokku 173 431 eurot. Maksu- ja tolliameti&hellip;\n","protected":false},"author":2,"featured_media":137198,"comment_status":"","ping_status":"","sticky":false,"template":"","format":"standard","meta":{"footnotes":"","_share_on_mastodon":"0"},"categories":[16],"tags":[37,33,35,173,34,36,2645,2871,4127,140,2704],"class_list":["post-137197","post","type-post","status-publish","format-standard","has-post-thumbnail","category-meelelahutus","tag-ee","tag-eesti","tag-eesti-keel","tag-entertainment","tag-estonia","tag-estonian","tag-kaitsevagi","tag-maksu-ja-tolliamet","tag-maksuamet","tag-meelelahutus","tag-volg"],"share_on_mastodon":{"url":"https:\/\/pubeurope.com\/@ee\/116284525434243072","error":""},"_links":{"self":[{"href":"https:\/\/www.europesays.com\/ee\/wp-json\/wp\/v2\/posts\/137197","targetHints":{"allow":["GET"]}}],"collection":[{"href":"https:\/\/www.europesays.com\/ee\/wp-json\/wp\/v2\/posts"}],"about":[{"href":"https:\/\/www.europesays.com\/ee\/wp-json\/wp\/v2\/types\/post"}],"author":[{"embeddable":true,"href":"https:\/\/www.europesays.com\/ee\/wp-json\/wp\/v2\/users\/2"}],"replies":[{"embeddable":true,"href":"https:\/\/www.europesays.com\/ee\/wp-json\/wp\/v2\/comments?post=137197"}],"version-history":[{"count":0,"href":"https:\/\/www.europesays.com\/ee\/wp-json\/wp\/v2\/posts\/137197\/revisions"}],"wp:featuredmedia":[{"embeddable":true,"href":"https:\/\/www.europesays.com\/ee\/wp-json\/wp\/v2\/media\/137198"}],"wp:attachment":[{"href":"https:\/\/www.europesays.com\/ee\/wp-json\/wp\/v2\/media?parent=137197"}],"wp:term":[{"taxonomy":"category","embeddable":true,"href":"https:\/\/www.europesays.com\/ee\/wp-json\/wp\/v2\/categories?post=137197"},{"taxonomy":"post_tag","embeddable":true,"href":"https:\/\/www.europesays.com\/ee\/wp-json\/wp\/v2\/tags?post=137197"}],"curies":[{"name":"wp","href":"https:\/\/api.w.org\/{rel}","templated":true}]}}