{"id":137526,"date":"2026-03-24T21:44:10","date_gmt":"2026-03-24T21:44:10","guid":{"rendered":"https:\/\/www.europesays.com\/ee\/137526\/"},"modified":"2026-03-24T21:44:10","modified_gmt":"2026-03-24T21:44:10","slug":"tenerifel-elav-eestlane-ilmaoludest-kohalike-jaoks-pole-see-midagi-hullu-pigem-roomustame-elu24","status":"publish","type":"post","link":"https:\/\/www.europesays.com\/ee\/137526\/","title":{"rendered":"Tenerifel elav eestlane ilmaoludest: kohalike jaoks pole see midagi hullu \u2013 pigem r\u00f5\u00f5mustame &#8211; Elu24"},"content":{"rendered":"<ol>\n<li><a href=\"https:\/\/news.google.com\/rss\/articles\/CBMiwgFBVV95cUxQRFhGUlFUeXpWN3ltVjd5SURkN0tpdWhsRlptTFA4U0xSWWNUUXNILTA0eFBmSDdHTTZ1eU1CN0NDRXFZREJzOTgtb1Vlc09DWlZQM0VSakpUNUhPNlVnVWJjQVBWZmlOYlJOVFVSYnVtRDVTVWNfR2xRWElrMjN1akdnRkE1dVI0Y21yQ3ZibnRENTRQVjhNNTA4cENvTll4bVo2VDg2UmsybTlWa25Hb1AtOGM0WWRxY0NIUERXVWVpdw?oc=5\" target=\"_blank\" rel=\"nofollow noopener\">Tenerifel elav eestlane ilmaoludest: kohalike jaoks pole see midagi hullu \u2013 pigem r\u00f5\u00f5mustame<\/a>&nbsp;&nbsp;Elu24<\/li>\n<li><a href=\"https:\/\/news.google.com\/rss\/articles\/CBMi1wFBVV95cUxPdWhuQ2Nna2VtQkVmSjJXM0wyeXl4eGRETDlWLV92dUZUWlU2UnQ5QVRvaEl4cUdOYVRkdXl5OFBlMDBsb2tzRDFHWWNFU2xDOWNnanBGSHBxMUotLThuNTlmVlRVX1A4cDBqc2dseXZrenRXM0RRbVZOcVpiUkc1WllYWjVzeTlSem1yV0FnNWZFckhzZEpZVFJFdTlYOVEtVFRKbnNWRTlpZjdGZGJHVVo1U0hTRGFrallnaUtvR1pVQnRhbkZkdmVCOVI5eDh2LTR3WGc3bw?oc=5\" target=\"_blank\" rel=\"nofollow noopener\">VIDEO | Eestlaste seas \u00fclipopulaarsel Tenerifel on ilm hingehinda maksnud turistid meeleheitele viinud<\/a>&nbsp;&nbsp;Reisijuht<\/li>\n<li><a href=\"https:\/\/news.google.com\/rss\/articles\/CBMidEFVX3lxTE1JcHNVMGZKc2JtSmFaMVB0OGkwbUpPYmNEVFNlQy1BM04wUXppTnhZZ05WeF9GNUN4dF9CUWQyZXpfU2JtMEZObmdUVHhsQXlTM1JMcVRuZEUyWlhpR0R0SFR3Y3FPOVc0cWVfemxUYnpzdUJP?oc=5\" target=\"_blank\" rel=\"nofollow noopener\">Kanaaridel kuulutati v\u00e4lja eriolukord<\/a>&nbsp;&nbsp;eestinen<\/li>\n<li><a href=\"https:\/\/news.google.com\/rss\/articles\/CBMiP0FVX3lxTE1tQmNhdnhXN0ltVFI5UTZYOHBZWEEtb2VTdXdOYXh0VzRjU2FZX1RUX19BdEQzN1dwa3EwdTNuaw?oc=5\" target=\"_blank\" rel=\"nofollow noopener\">Nafta hind kukkus j\u00e4rsult p\u00e4rast Trumpi teadet s\u00f5jategevuse peatamise kohta<\/a>&nbsp;&nbsp;Uudis.net<\/li>\n<li><a href=\"https:\/\/news.google.com\/rss\/articles\/CBMivwFBVV95cUxOdTgwRDFQbjZZYTUyMHNCVWZJSHFPT19DM0NEV2ZjcFo3eWVtaC1jSVE5Z1QwMFYxUFlMVzlkcDN2YngwOHFoMWQ0dGpodURjZGhSTExYeFBnVmRGbHNfWVMxdTE0MnVCb19jQW54VVpvSzJQUmMxczZBcWdVak5DUDliWTJyblF4TmtHNEFTVUQwN0lYS05vZ0N1WVAtQ1VydzZpX09JenplaEo2cWF1eVo0aGRJTEdmOEVCTndFWdIBvwFBVV95cUxOdTgwRDFQbjZZYTUyMHNCVWZJSHFPT19DM0NEV2ZjcFo3eWVtaC1jSVE5Z1QwMFYxUFlMVzlkcDN2YngwOHFoMWQ0dGpodURjZGhSTExYeFBnVmRGbHNfWVMxdTE0MnVCb19jQW54VVpvSzJQUmMxczZBcWdVak5DUDliWTJyblF4TmtHNEFTVUQwN0lYS05vZ0N1WVAtQ1VydzZpX09JenplaEo2cWF1eVo0aGRJTEdmOEVCTndFWQ?oc=5\" target=\"_blank\" rel=\"nofollow noopener\">Oomega rakk vallandab Kanaari saartel tugeva tormi ja p\u00f5hjustab lennuh\u00e4ireid<\/a>&nbsp;&nbsp;Mix Vale<\/li>\n<\/ol>\n","protected":false},"excerpt":{"rendered":"Tenerifel elav eestlane ilmaoludest: kohalike jaoks pole see midagi hullu \u2013 pigem r\u00f5\u00f5mustame&nbsp;&nbsp;Elu24 VIDEO | Eestlaste seas \u00fclipopulaarsel&hellip;\n","protected":false},"author":2,"featured_media":137527,"comment_status":"","ping_status":"","sticky":false,"template":"","format":"standard","meta":{"footnotes":"","_share_on_mastodon":"0"},"categories":[80],"tags":[26,27,37,33,35,62050,34,36,31,32,21,62066,62052,28,29,62059,95,62063,19,25,62060,62067,13392,10251,62054,62062,62061,62058,62053,62057,62056,62055,23,24,62051,62064,62065,22,20,30,92,93,94],"class_list":["post-137526","post","type-post","status-publish","format-standard","has-post-thumbnail","category-maailm","tag-breaking-news","tag-breakingnews","tag-ee","tag-eesti","tag-eesti-keel","tag-eestlane-tenerifel","tag-estonia","tag-estonian","tag-featured-news","tag-featurednews","tag-headlines","tag-jan-beltran","tag-kanaari-saared-ilm","tag-latest-news","tag-latestnews","tag-louna-tenerife-kliima","tag-maailm","tag-magedes-lumi","tag-news","tag-populaarseimad-lood","tag-poud-tenerifel","tag-raamat-peatus","tag-ringvaade","tag-tenerife","tag-tenerife-ilmaolud","tag-tenerife-lumi","tag-tenerife-pollumehed","tag-tenerife-temperatuur","tag-tenerife-torm","tag-tenerife-tuul","tag-tenerife-uleujutused","tag-tenerife-vihm","tag-top-stories","tag-topstories","tag-torm-theresa","tag-tormikahjustused-tenerifel","tag-turism-tenerifel","tag-uldised-uudised","tag-uudised","tag-viimased-uudised","tag-world","tag-world-news","tag-worldnews"],"share_on_mastodon":{"url":"","error":"Validation failed: Text character limit of 500 exceeded"},"_links":{"self":[{"href":"https:\/\/www.europesays.com\/ee\/wp-json\/wp\/v2\/posts\/137526","targetHints":{"allow":["GET"]}}],"collection":[{"href":"https:\/\/www.europesays.com\/ee\/wp-json\/wp\/v2\/posts"}],"about":[{"href":"https:\/\/www.europesays.com\/ee\/wp-json\/wp\/v2\/types\/post"}],"author":[{"embeddable":true,"href":"https:\/\/www.europesays.com\/ee\/wp-json\/wp\/v2\/users\/2"}],"replies":[{"embeddable":true,"href":"https:\/\/www.europesays.com\/ee\/wp-json\/wp\/v2\/comments?post=137526"}],"version-history":[{"count":0,"href":"https:\/\/www.europesays.com\/ee\/wp-json\/wp\/v2\/posts\/137526\/revisions"}],"wp:featuredmedia":[{"embeddable":true,"href":"https:\/\/www.europesays.com\/ee\/wp-json\/wp\/v2\/media\/137527"}],"wp:attachment":[{"href":"https:\/\/www.europesays.com\/ee\/wp-json\/wp\/v2\/media?parent=137526"}],"wp:term":[{"taxonomy":"category","embeddable":true,"href":"https:\/\/www.europesays.com\/ee\/wp-json\/wp\/v2\/categories?post=137526"},{"taxonomy":"post_tag","embeddable":true,"href":"https:\/\/www.europesays.com\/ee\/wp-json\/wp\/v2\/tags?post=137526"}],"curies":[{"name":"wp","href":"https:\/\/api.w.org\/{rel}","templated":true}]}}