{"id":137707,"date":"2026-03-25T05:51:07","date_gmt":"2026-03-25T05:51:07","guid":{"rendered":"https:\/\/www.europesays.com\/ee\/137707\/"},"modified":"2026-03-25T05:51:07","modified_gmt":"2026-03-25T05:51:07","slug":"kadri-kroon-parsia-uusaasta-road-edasi","status":"publish","type":"post","link":"https:\/\/www.europesays.com\/ee\/137707\/","title":{"rendered":"Kadri Kroon: P\u00e4rsia uusaasta road \u2013 Edasi"},"content":{"rendered":"<p>\t\t\t<img loading=\"lazy\" width=\"1024\" height=\"683\" src=\"data:image\/svg+xml,%3Csvg%20xmlns=\" http:=\"\" class=\"attachment-hive-single-image size-hive-single-image wp-post-image\" alt=\"\" decoding=\"async\" data-lazy- data-lazy- data-attachment-id=\"272523\" data-permalink=\"https:\/\/edasi.org\/272379\/kadri-kroon-parsia-uusaasta-road\/tahdigpersianriceiranianfood\/\" data-orig-file=\"https:\/\/edasi.org\/wp-content\/uploads\/2026\/03\/shutterstock_1063523018-scaled.webp\" data-orig-size=\"2048,1365\" data-comments-opened=\"0\" data-image-meta=\"{&quot;aperture&quot;:&quot;0&quot;,&quot;credit&quot;:&quot;Shutterstock&quot;,&quot;camera&quot;:&quot;&quot;,&quot;caption&quot;:&quot;&quot;,&quot;created_timestamp&quot;:&quot;0&quot;,&quot;copyright&quot;:&quot;Copyright (c) 2018 bonchan\/Shutterstock.  No use without permission.&quot;,&quot;focal_length&quot;:&quot;0&quot;,&quot;iso&quot;:&quot;0&quot;,&quot;shutter_speed&quot;:&quot;0&quot;,&quot;title&quot;:&quot;Tahdig,,Persian,Rice,,Iranian,Food&quot;,&quot;orientation&quot;:&quot;1&quot;}\" data-image-title=\"Tahdig,,Persian,Rice,,Iranian,Food\" data-image-description=\"\" data-image-caption=\"&lt;p&gt;Tahtig. Foto: Shutterstock&lt;\/p&gt;&#10;\" data-medium-file=\"https:\/\/edasi.org\/wp-content\/uploads\/2026\/03\/shutterstock_1063523018-768x512.webp\" data-large-file=\"https:\/\/www.europesays.com\/ee\/wp-content\/uploads\/2026\/03\/shutterstock_1063523018-1024x683.webp.webp\" data-lazy-src=\"https:\/\/www.europesays.com\/ee\/wp-content\/uploads\/2026\/03\/shutterstock_1063523018-1024x683.webp.webp\"\/>\t\t\tTahtig. Foto: Shutterstock\t\t<\/p>\n<p class=\"intro\">Kevadisel p\u00f6\u00f6rip\u00e4eval algab Iraanis ja P\u00e4rsia kultuuriruumis uus aasta ehk nowruz, mida t\u00e4histatakse \u00fchtekokku 13 p\u00e4eva rikkaliku p\u00fchademen\u00fc\u00fcga, kus k\u00f5ik on kohalikust ja lihtsast toorainest tehtud. Samas on P\u00e4rsia k\u00f6\u00f6k viimasel ajal \u00fcle kogu maailma aina enam populaarsust kogumas, nii et saame selle toidukultuuri ja maitsetega pisut tuttavamaks.<\/p>\n<p>Sissejuhatus P\u00e4rsia toidukultuuri<\/p>\n<p>Kevadine p\u00f6\u00f6rip\u00e4ev t\u00e4histab uusi algusi. Iraanis ja P\u00e4rsia kultuuriruumis algab sel p\u00e4eval uus aasta ehk nowruz: now t\u00e4hendab uut ja ruz p\u00e4eva. New Yorgis t\u00f6\u00f6tasin koos Iraanist p\u00e4rit sommeljee Siaga, kes 1979. aastal revolutsiooniliste rahutuste ajal perega Ameerikas varjupaika sai, hiljem inseneriks \u00f5ppis ja siis karj\u00e4\u00e4rivahetusena sommeljeehariduse omandas. Tema t\u00f6\u00f6le l\u00f5unaks kaasa v\u00f5etud kodused road l\u00f5hnasid nii v\u00f5imsalt, omamoodi unikaalselt, et sealt t\u00e4rkas minu laiem huvi P\u00e4rsia toidukultuuri vastu. Tellisin endale koju Briti-Iraani p\u00e4ritolu koka Sabrina Ghayouri raamatu \u201cPersiana\u201d, ja nii see P\u00e4rsia toidu kokkamine lahti l\u00e4ks.<\/p>\n","protected":false},"excerpt":{"rendered":"Tahtig. Foto: Shutterstock Kevadisel p\u00f6\u00f6rip\u00e4eval algab Iraanis ja P\u00e4rsia kultuuriruumis uus aasta ehk nowruz, mida t\u00e4histatakse \u00fchtekokku 13&hellip;\n","protected":false},"author":2,"featured_media":137708,"comment_status":"","ping_status":"","sticky":false,"template":"","format":"standard","meta":{"footnotes":"","_share_on_mastodon":"0"},"categories":[80],"tags":[26,27,37,33,35,34,36,31,32,21,1925,5194,28,29,95,19,62179,62180,25,26586,23,24,22,20,35594,30,92,93,94],"class_list":["post-137707","post","type-post","status-publish","format-standard","has-post-thumbnail","category-maailm","tag-breaking-news","tag-breakingnews","tag-ee","tag-eesti","tag-eesti-keel","tag-estonia","tag-estonian","tag-featured-news","tag-featurednews","tag-headlines","tag-iraan","tag-kadri-kroon","tag-latest-news","tag-latestnews","tag-maailm","tag-news","tag-parsia-kook","tag-piduroad","tag-populaarseimad-lood","tag-puhad","tag-top-stories","tag-topstories","tag-uldised-uudised","tag-uudised","tag-uusaasta","tag-viimased-uudised","tag-world","tag-world-news","tag-worldnews"],"share_on_mastodon":{"url":"https:\/\/pubeurope.com\/@ee\/116288257029937680","error":""},"_links":{"self":[{"href":"https:\/\/www.europesays.com\/ee\/wp-json\/wp\/v2\/posts\/137707","targetHints":{"allow":["GET"]}}],"collection":[{"href":"https:\/\/www.europesays.com\/ee\/wp-json\/wp\/v2\/posts"}],"about":[{"href":"https:\/\/www.europesays.com\/ee\/wp-json\/wp\/v2\/types\/post"}],"author":[{"embeddable":true,"href":"https:\/\/www.europesays.com\/ee\/wp-json\/wp\/v2\/users\/2"}],"replies":[{"embeddable":true,"href":"https:\/\/www.europesays.com\/ee\/wp-json\/wp\/v2\/comments?post=137707"}],"version-history":[{"count":0,"href":"https:\/\/www.europesays.com\/ee\/wp-json\/wp\/v2\/posts\/137707\/revisions"}],"wp:featuredmedia":[{"embeddable":true,"href":"https:\/\/www.europesays.com\/ee\/wp-json\/wp\/v2\/media\/137708"}],"wp:attachment":[{"href":"https:\/\/www.europesays.com\/ee\/wp-json\/wp\/v2\/media?parent=137707"}],"wp:term":[{"taxonomy":"category","embeddable":true,"href":"https:\/\/www.europesays.com\/ee\/wp-json\/wp\/v2\/categories?post=137707"},{"taxonomy":"post_tag","embeddable":true,"href":"https:\/\/www.europesays.com\/ee\/wp-json\/wp\/v2\/tags?post=137707"}],"curies":[{"name":"wp","href":"https:\/\/api.w.org\/{rel}","templated":true}]}}