{"id":137834,"date":"2026-03-25T08:37:07","date_gmt":"2026-03-25T08:37:07","guid":{"rendered":"https:\/\/www.europesays.com\/ee\/137834\/"},"modified":"2026-03-25T08:37:07","modified_gmt":"2026-03-25T08:37:07","slug":"belgia-hakkab-sojavaelastega-kaitsma-juudi-kogukonna-asutusi-valismaa","status":"publish","type":"post","link":"https:\/\/www.europesays.com\/ee\/137834\/","title":{"rendered":"Belgia hakkab s\u00f5jav\u00e4elastega kaitsma juudi kogukonna asutusi | V\u00e4lismaa"},"content":{"rendered":"<p>Belgia siseminister Bernard Quintin \u00fctles teisip\u00e4eval, et riik ei hakka \u00e4ra ootama, kuni keegi j\u00e4rjekordses antisemiitlikus r\u00fcnnakus vigastada saab. Seet\u00f5ttu hakkavad s\u00f5durid valvama juudi kogukonna asutusi.<\/p>\n<p>Belgia m\u00e4\u00e4ras esmasp\u00e4eva \u00f5htul umbes 200 s\u00f5durit valvama selliseid institutsioone nagu juudi koolid, juudi muuseum ja Iisraeli saatkond. See samm j\u00e4rgneb Liege&#8217;i s\u00fcnagoogi tabanud plahvatusele, mis toimus 9. m\u00e4rtsil. Keegi toona viga ei saanud, vahendas <a href=\"https:\/\/www.politico.eu\/article\/belgium-deploys-soldiers-to-protect-jewish-sites-and-combat-crime\/\" target=\"_blank\" rel=\"noopener nofollow\">Politico<\/a>.<\/p>\n<p>Teisip\u00e4eva \u00f5htul toimunud pressi\u00fcrituse raames \u00fctles aga Quintin, et kardab, et tulevased r\u00fcnnakud v\u00f5ivad kaasa tuua inimohvreid.\u00a0<\/p>\n<p>&#8220;Ma ei taha seda hetke \u00e4ra oodata, seep\u00e4rast v\u00f5tamegi kasutusele meetmeid. Peame tagama juudi kogukonna jaoks nende konkreetsete kohtade turvalisuse. Peame tegema k\u00f5ik endast oleneva, et \u00e4ra hoida r\u00fcnnakuid inimeste vastu ja peatada k\u00f5ik r\u00fcnnakud juudi hoonete vastu. Meie \u00fclesanne on k\u00f5iki kaitsta,&#8221; \u00fctles Quintin.\u00a0<\/p>\n<p>K\u00fcsimusele, kas s\u00f5durid suudavad turvalisust politseist paremini tagada, vastas kaitseminister Theo Francken, et s\u00f5durid ei hakka korrakaitsjaid asendama.<\/p>\n<p>&#8220;Nad (s\u00f5jav\u00e4elased) ei asenda midagi, see lisandub politseij\u00f5ududele. Politseij\u00f5ud j\u00e4\u00e4vad esmareageerijaks ja vastutavad Belgia avaliku elu turvalisuse eest. Kuid me peame tegema rohkem, sest juudi kogukonda \u00e4hvardavad ohud,&#8221; r\u00e4\u00e4kis Francken.\u00a0<\/p>\n<p>Belgia arutas m\u00f6\u00f6dunud aastal ka plaani, mille k\u00e4igus hakkaksid s\u00f5durid v\u00f5itlema narkokuritegevuse vastu. Politico kirjutab, et valitsus kavatseb l\u00e4hikuude jooksul selle plaaniga edasi liikuda.\u00a0<\/p>\n<p>Kaitseministeeriumi pressiesindaja \u00fctles, et Belgia f\u00f6deraalpolitsei koordineerib nii s\u00f5durite kui ka politseiametnike paigutamist. S\u00f5durid peaksid valvama rongijaamu ning toetama politsei operatsioone.<\/p>\n","protected":false},"excerpt":{"rendered":"Belgia siseminister Bernard Quintin \u00fctles teisip\u00e4eval, et riik ei hakka \u00e4ra ootama, kuni keegi j\u00e4rjekordses antisemiitlikus r\u00fcnnakus vigastada&hellip;\n","protected":false},"author":2,"featured_media":137835,"comment_status":"","ping_status":"","sticky":false,"template":"","format":"standard","meta":{"footnotes":"","_share_on_mastodon":"0"},"categories":[14],"tags":[4141,131,5410,130,37,33,35,34,36,353,10637],"class_list":["post-137834","post","type-post","status-publish","format-standard","has-post-thumbnail","category-ari","tag-antisemitism","tag-ari","tag-belgia","tag-business","tag-ee","tag-eesti","tag-eesti-keel","tag-estonia","tag-estonian","tag-politsei","tag-sojavaelased"],"share_on_mastodon":{"url":"https:\/\/pubeurope.com\/@ee\/116288909903432606","error":""},"_links":{"self":[{"href":"https:\/\/www.europesays.com\/ee\/wp-json\/wp\/v2\/posts\/137834","targetHints":{"allow":["GET"]}}],"collection":[{"href":"https:\/\/www.europesays.com\/ee\/wp-json\/wp\/v2\/posts"}],"about":[{"href":"https:\/\/www.europesays.com\/ee\/wp-json\/wp\/v2\/types\/post"}],"author":[{"embeddable":true,"href":"https:\/\/www.europesays.com\/ee\/wp-json\/wp\/v2\/users\/2"}],"replies":[{"embeddable":true,"href":"https:\/\/www.europesays.com\/ee\/wp-json\/wp\/v2\/comments?post=137834"}],"version-history":[{"count":0,"href":"https:\/\/www.europesays.com\/ee\/wp-json\/wp\/v2\/posts\/137834\/revisions"}],"wp:featuredmedia":[{"embeddable":true,"href":"https:\/\/www.europesays.com\/ee\/wp-json\/wp\/v2\/media\/137835"}],"wp:attachment":[{"href":"https:\/\/www.europesays.com\/ee\/wp-json\/wp\/v2\/media?parent=137834"}],"wp:term":[{"taxonomy":"category","embeddable":true,"href":"https:\/\/www.europesays.com\/ee\/wp-json\/wp\/v2\/categories?post=137834"},{"taxonomy":"post_tag","embeddable":true,"href":"https:\/\/www.europesays.com\/ee\/wp-json\/wp\/v2\/tags?post=137834"}],"curies":[{"name":"wp","href":"https:\/\/api.w.org\/{rel}","templated":true}]}}