{"id":138057,"date":"2026-03-25T13:48:17","date_gmt":"2026-03-25T13:48:17","guid":{"rendered":"https:\/\/www.europesays.com\/ee\/138057\/"},"modified":"2026-03-25T13:48:17","modified_gmt":"2026-03-25T13:48:17","slug":"lati-president-latis-alla-kukkunud-droon-oli-ukraina-oma-valismaa","status":"publish","type":"post","link":"https:\/\/www.europesays.com\/ee\/138057\/","title":{"rendered":"L\u00e4ti president: L\u00e4tis alla kukkunud droon oli Ukraina oma | V\u00e4lismaa"},"content":{"rendered":"<p>L\u00e4ti \u00f5huv\u00e4gi tuvastas Venemaalt L\u00e4ti \u00f5huruumi sisenenud v\u00e4lismaise mehitamata \u00f5hus\u00f5iduki, mis Kr\u0101slava piirkonnas alla kukkus, teatas L\u00e4ti kaitseministeerium kolmap\u00e4eva hommikul. President Edgars Rink\u0113vi\u010ds \u00fctles hiljem \u00fchisel pressikonverentsil peaminister Evika Sili\u0146aga, et alla kukkunud droon oli Ukraina oma.<\/p>\n<p>&#8220;Kell 2.19 tuvastasid meie radarid m\u00e4rke, et tundmatu \u00f5huobjekt l\u00e4heneb L\u00e4ti territooriumile ja \u00fcletab riigipiiri. Me t\u00e4heldasime seda ka oma akustiliste anduritega ja meie \u00f5hukaitser\u00fchm saadeti v\u00e4lja,&#8221; r\u00e4\u00e4kis L\u00e4ti relvaj\u00f5udude \u00fchendstaabi \u00fclema aset\u00e4itja, brigaadikindral Egils Le\u0161\u010dinskis <a href=\"https:\/\/eng.lsm.lv\/article\/society\/defence\/25.03.2026-russian-drone-falls-on-latvian-territory.a640310\/\" target=\"_blank\" rel=\"noopener nofollow\">L\u00e4ti televisiooni hommikusaates<\/a>.<\/p>\n<p>Ta m\u00e4rkis, et objekt plahvatas umbes kell 2.30. Detonatsioon toimus Kr\u0101slava rajoonis Dobro\u010dina k\u00fcla l\u00e4hedal. S\u00fcndmuskohale suundusid relvaj\u00f5udude, riigipolitsei ja piirivalve \u00fcksused. Drooni j\u00e4\u00e4nused on s\u00fcndmuskohalt leitud.<\/p>\n<p>Le\u0161\u010dinskise s\u00f5nul otsitakse k\u00f5ik drooni osad \u00fcles, et saada juhtunust terviklik pilt.<\/p>\n<p>Kindral m\u00e4rkis ka, et objekti tootjat ja p\u00e4ritoluriiki pole veel kindlaks tehtud.<\/p>\n<p>Le\u0161\u010dinskis \u00fctles, et see polnud ainus intsident sel \u00f6\u00f6l \u2013 umbes kell 00.50 tuvastasid andurid objekti, mis oli lennanud Valgevenest L\u00e4tti, teinud siis tagasip\u00f6\u00f6rde ja sisenenud Venemaa territooriumile.<\/p>\n<p><img decoding=\"async\" data-photo-id=\"3275529\" src=\"https:\/\/www.europesays.com\/ee\/wp-content\/uploads\/2026\/03\/3275529h7335t24.jpg\"\/>L\u00e4ti relvaj\u00f5udude peastaabi asejuht, brigaadikindral Egils Le\u0161\u010dinskis. Autor\/allikas: SCANPIX \/ LETA \/ Paula \u010curkste<\/p>\n<p>K\u00fcsimusele, kas ta usub, et see oli kahe agressorriigi koordineeritud tegevus, vastas Le\u0161\u010dinskis, et t\u00f5en\u00e4oliselt mitte: &#8220;Lennuvahend kaldus suure t\u00f5en\u00e4osusega kursilt k\u00f5rvale v\u00f5i oli elektromagnetilise s\u00f5japidamise meetmete m\u00f5ju all, kaitstes samal ajal m\u00f5ningaid tehniliselt olulisi objekte.&#8221;<\/p>\n<p>Vastates L\u00e4ti elanike turvatunde kohta, \u00fctles Le\u0161\u010dinskis: &#8220;See juhtum n\u00e4itab, et keegi meist ei saa end t\u00e4iesti turvaliselt tunda, kui naaberriikides toimuvad s\u00f5jalised operatsioonid. Kahjuks oleme naaberriik ja keegi ei saa sellistes oludes t\u00e4ielikku ohutust garanteerida.&#8221;<\/p>\n<p>Tsiviilelanike turvalisusele ega L\u00e4ti \u00f5huruumile edasist ohtu ei ole tuvastatud.<\/p>\n<p>\u00dckski tsiviilisik vigastada ei saanud ja tsiviilinfrastruktuurile kahju ei tekitatud. Juhtumi asjaolude uurimine on k\u00e4imas.<\/p>\n<p>Le\u0161\u010dinskis teatas, et idapiiri rajoonides on pimedal ajal kehtestatud ajutised \u00f5huruumi piirangud tsiviillennuliiklusele.<\/p>\n<p>Rink\u0113vi\u010ds: L\u00e4tis alla kukkunud droon oli Ukraina oma<\/p>\n<p>L\u00e4ti \u00f5huruumi sisenenud ja plahvatanud mehitamata \u00f5hus\u00f5iduk oli Ukraina droon, mis oli ilmselt osa Ukraina koordineeritud operatsioonist Venemaa sihtm\u00e4rkide vastu, \u00fctles president Edgars Rink\u0113vi\u010ds kolmap\u00e4eval \u00fchisel pressikonverentsil peaminister Evika Sili\u0146aga.<\/p>\n<p>Rink\u0113vi\u010ds r\u00f5hutas, et teabevahetus ametkondade ja valitsusametnike vahel toimis adekvaatselt ning info laekus \u00f5igeaegselt, sealhulgas Kr\u0101slava omavalitsuse juhile.<\/p>\n<p>L\u00e4ti peaminister: Venemaa kasutab maailma t\u00e4helepanu kandumist Iraanile<\/p>\n<p>L\u00e4ti peaminister Evika Silina \u00fctles kolmap\u00e4eva hommikul intervjuus TV3 saatele &#8220;900 sekundit&#8221;, et Ukraina koges teisip\u00e4eval \u00fcht suurimat Venemaa r\u00fcnnakut.<\/p>\n<p>&#8220;Eile \u00f5htul toimus t\u00f5sine lahing, kus ukrainlased t\u00f5rjusid r\u00fcnnakuid oma riigi vastu,&#8221; \u00fctles Silina.<\/p>\n<p>Peaministri s\u00f5nul n\u00e4ib praegu, et L\u00e4tis alla kukkunud droon v\u00f5ib olla Ukraina oma, nagu juhtus varem Leedus. Silina teatas ka, et sarnane intsident leidis aset ka Eestis, kus droon tabas taristuobjekti.<\/p>\n<p>Silina r\u00f5hutas, et ajal, mil r\u00fcnnakud Ukrainale on sagedased, tuleb arvestada nende tagaj\u00e4rgedega piirialal \u2013 Ukraina vastupanu on tugev ja L\u00e4ti asub s\u00f5jatsooni l\u00e4hedal.<\/p>\n<p>Peaministri s\u00f5nul kasutab Venemaa \u00e4ra hetke, mil globaalne t\u00e4helepanu on rohkem suunatud s\u00fcndmustele L\u00e4his-Idas.<\/p>\n<p>Kaitseminister Andris Spruds teatas, et katkestas juhtumi t\u00f5ttu oma t\u00f6\u00f6visiidi Ukrainasse ja naaseb L\u00e4tti.<\/p>\n","protected":false},"excerpt":{"rendered":"L\u00e4ti \u00f5huv\u00e4gi tuvastas Venemaalt L\u00e4ti \u00f5huruumi sisenenud v\u00e4lismaise mehitamata \u00f5hus\u00f5iduki, mis Kr\u0101slava piirkonnas alla kukkus, teatas L\u00e4ti kaitseministeerium&hellip;\n","protected":false},"author":2,"featured_media":138058,"comment_status":"","ping_status":"","sticky":false,"template":"","format":"standard","meta":{"footnotes":"","_share_on_mastodon":"0"},"categories":[5],"tags":[26,27,37,33,35,34,36,31,32,21,28,29,114,19,25,2255,107,23,24,22,20,1935,96,30],"class_list":["post-138057","post","type-post","status-publish","format-standard","has-post-thumbnail","category-uldised-uudised","tag-breaking-news","tag-breakingnews","tag-ee","tag-eesti","tag-eesti-keel","tag-estonia","tag-estonian","tag-featured-news","tag-featurednews","tag-headlines","tag-latest-news","tag-latestnews","tag-lati","tag-news","tag-populaarseimad-lood","tag-rundedroon","tag-soda-ukrainas","tag-top-stories","tag-topstories","tag-uldised-uudised","tag-uudised","tag-vene-agressioonisoda","tag-venemaa","tag-viimased-uudised"],"share_on_mastodon":{"url":"https:\/\/pubeurope.com\/@ee\/116290132563977189","error":""},"_links":{"self":[{"href":"https:\/\/www.europesays.com\/ee\/wp-json\/wp\/v2\/posts\/138057","targetHints":{"allow":["GET"]}}],"collection":[{"href":"https:\/\/www.europesays.com\/ee\/wp-json\/wp\/v2\/posts"}],"about":[{"href":"https:\/\/www.europesays.com\/ee\/wp-json\/wp\/v2\/types\/post"}],"author":[{"embeddable":true,"href":"https:\/\/www.europesays.com\/ee\/wp-json\/wp\/v2\/users\/2"}],"replies":[{"embeddable":true,"href":"https:\/\/www.europesays.com\/ee\/wp-json\/wp\/v2\/comments?post=138057"}],"version-history":[{"count":0,"href":"https:\/\/www.europesays.com\/ee\/wp-json\/wp\/v2\/posts\/138057\/revisions"}],"wp:featuredmedia":[{"embeddable":true,"href":"https:\/\/www.europesays.com\/ee\/wp-json\/wp\/v2\/media\/138058"}],"wp:attachment":[{"href":"https:\/\/www.europesays.com\/ee\/wp-json\/wp\/v2\/media?parent=138057"}],"wp:term":[{"taxonomy":"category","embeddable":true,"href":"https:\/\/www.europesays.com\/ee\/wp-json\/wp\/v2\/categories?post=138057"},{"taxonomy":"post_tag","embeddable":true,"href":"https:\/\/www.europesays.com\/ee\/wp-json\/wp\/v2\/tags?post=138057"}],"curies":[{"name":"wp","href":"https:\/\/api.w.org\/{rel}","templated":true}]}}