{"id":138154,"date":"2026-03-25T16:29:07","date_gmt":"2026-03-25T16:29:07","guid":{"rendered":"https:\/\/www.europesays.com\/ee\/138154\/"},"modified":"2026-03-25T16:29:07","modified_gmt":"2026-03-25T16:29:07","slug":"teeb-comebacki-raske-haigusega-voitlev-celine-dion-plaanib-tanavu-kontserte-anda","status":"publish","type":"post","link":"https:\/\/www.europesays.com\/ee\/138154\/","title":{"rendered":"Teeb comeback\u2019i? Raske haigusega v\u00f5itlev Celine Dion plaanib t\u00e4navu kontserte anda"},"content":{"rendered":"<p>Maailmakuulus lauljanna Celine Dion tuli 2022. aasta detsembris avalikkuse ette infoga, et tal on diagnoositud neuroloogiline haigus nimega stiff person syndrome (kangestunud inimese s\u00fcndroom \u2013 toim). Celine\u2019il diagnoositud stiff person sydrome paneb lihaseid kokku t\u00f5mbuma kontrollimatult ning inimene kangestub l\u00f5puks nagu kivikuju \u2013 s\u00fcndroomi t\u00f5ttu lukustuvad lihased j\u00e4rk-j\u00e4rgult j\u00e4ikadesse asenditesse, mist\u00f5ttu ei saa inimene r\u00e4\u00e4kida ega k\u00f5ndida. Kuigi haigus on ravimatu, siis on v\u00f5imalik erinevate ravimitega selle kulgu aeglustada.<\/p>\n<p>Variety kirjutab, et n\u00fc\u00fcd on Celine valmis tegema comebacki ja esineb publiku ees Prantsusmaal. V\u00e4idetavalt peaks lauljatar sel s\u00fcgisel andma mitu kontserti Pariisis asuvas La D\u00e9fense Arenal. <\/p>\n<p>Oled juba tellija?Logi sisse<\/p>\n<p><a href=\"https:\/\/kroonika.delfi.ee\/artikkel\/120455067\/teeb-comebacki-raske-haigusega-voitlev-celine-dion-plaanib-tanavu-kontserte-anda\/kommentaarid\" class=\"article-body-bottom__comment article-body-bottom__comment--write button button--primary button--size-auto\" rel=\"nofollow noopener\" target=\"_blank\"> Kommenteeri <\/a><a href=\"https:\/\/kroonika.delfi.ee\/artikkel\/120455067\/teeb-comebacki-raske-haigusega-voitlev-celine-dion-plaanib-tanavu-kontserte-anda\/kommentaarid\" class=\"article-body-bottom__comment article-body-bottom__comment--read button button--size-auto\" rel=\"nofollow noopener\" target=\"_blank\"> Loe kommentaare (1)<\/a><\/p>\n","protected":false},"excerpt":{"rendered":"Maailmakuulus lauljanna Celine Dion tuli 2022. aasta detsembris avalikkuse ette infoga, et tal on diagnoositud neuroloogiline haigus nimega&hellip;\n","protected":false},"author":2,"featured_media":138155,"comment_status":"","ping_status":"","sticky":false,"template":"","format":"standard","meta":{"footnotes":"","_share_on_mastodon":"0"},"categories":[16],"tags":[28657,37,33,35,173,34,36,28854,140,52,2109],"class_list":["post-138154","post","type-post","status-publish","format-standard","has-post-thumbnail","category-meelelahutus","tag-celine-dion","tag-ee","tag-eesti","tag-eesti-keel","tag-entertainment","tag-estonia","tag-estonian","tag-kendrick-lamar","tag-meelelahutus","tag-prantsusmaa","tag-taylor-swift"],"share_on_mastodon":{"url":"https:\/\/pubeurope.com\/@ee\/116290765751286329","error":""},"_links":{"self":[{"href":"https:\/\/www.europesays.com\/ee\/wp-json\/wp\/v2\/posts\/138154","targetHints":{"allow":["GET"]}}],"collection":[{"href":"https:\/\/www.europesays.com\/ee\/wp-json\/wp\/v2\/posts"}],"about":[{"href":"https:\/\/www.europesays.com\/ee\/wp-json\/wp\/v2\/types\/post"}],"author":[{"embeddable":true,"href":"https:\/\/www.europesays.com\/ee\/wp-json\/wp\/v2\/users\/2"}],"replies":[{"embeddable":true,"href":"https:\/\/www.europesays.com\/ee\/wp-json\/wp\/v2\/comments?post=138154"}],"version-history":[{"count":0,"href":"https:\/\/www.europesays.com\/ee\/wp-json\/wp\/v2\/posts\/138154\/revisions"}],"wp:featuredmedia":[{"embeddable":true,"href":"https:\/\/www.europesays.com\/ee\/wp-json\/wp\/v2\/media\/138155"}],"wp:attachment":[{"href":"https:\/\/www.europesays.com\/ee\/wp-json\/wp\/v2\/media?parent=138154"}],"wp:term":[{"taxonomy":"category","embeddable":true,"href":"https:\/\/www.europesays.com\/ee\/wp-json\/wp\/v2\/categories?post=138154"},{"taxonomy":"post_tag","embeddable":true,"href":"https:\/\/www.europesays.com\/ee\/wp-json\/wp\/v2\/tags?post=138154"}],"curies":[{"name":"wp","href":"https:\/\/api.w.org\/{rel}","templated":true}]}}