{"id":138189,"date":"2026-03-25T17:27:07","date_gmt":"2026-03-25T17:27:07","guid":{"rendered":"https:\/\/www.europesays.com\/ee\/138189\/"},"modified":"2026-03-25T17:27:07","modified_gmt":"2026-03-25T17:27:07","slug":"uhendkuningriik-arutab-liitlastega-kava-hormuzi-vaina-avamiseks-valismaa","status":"publish","type":"post","link":"https:\/\/www.europesays.com\/ee\/138189\/","title":{"rendered":"\u00dchendkuningriik arutab liitlastega kava Hormuzi v\u00e4ina avamiseks | V\u00e4lismaa"},"content":{"rendered":"<p>Suurbritannia suursaadik Iisraelis Simon Walters kinnitas, et \u00dchendkuningriik t\u00f6\u00f6tab koos rahvusvaheliste partneritega v\u00e4lja kava laevaliikluse turvamiseks Hormuzi v\u00e4inas. Enam kui 30 riiki allkirjastasid avalduse teha j\u00f5upingutusi meretee turvamiseks.<\/p>\n<p>&#8220;\u00dchendkuningriik teeb tihedat koost\u00f6\u00f6d rahvusvaheliste partneritega, et tagada rahvusvahelise laevaliikluse ohutus Hormuzi v\u00e4inas,&#8221; \u00fctles Walters kolmap\u00e4eval ajakirjanikele.<\/p>\n<p>Avaldus j\u00e4rgnes teadetele, mille kohaselt plaanib London asuda juhtima koalitsiooni v\u00e4ina vabastamiseks Iraani blokaadist.<\/p>\n<p>Ajaleht The Times teatas teisip\u00e4eval Briti ametnikele viidates, et Briti merev\u00e4gi plaanib asuda juhtima nn Hormuzi koalitsiooni, mille eesm\u00e4rk on strateegiliselt t\u00e4htis v\u00e4in uuesti avada.\u00a0<\/p>\n<p>V\u00e4ljaande Politico andmetel on London pakkunud v\u00e4lja ka tippkohtumise korraldamise enam kui 30 riigile, kes allkirjastasid <a href=\"https:\/\/www.gov.uk\/government\/news\/joint-statement-from-the-leaders-of-the-united-kingdom-france-germany-italy-the-netherlands-and-japan-on-the-strait-of-hormuz-19-march-2026\" rel=\"nofollow noopener\" target=\"_blank\">\u00fchisavalduse<\/a>, lubades teha &#8220;vajalikke j\u00f5upingutusi&#8221; meretee turvamiseks.<\/p>\n<p>Suursaadik ei kommenteerinud meediakajastusi otses\u00f5nu ega lisanud Briti plaanide kohta t\u00e4psemaid detaile. Tema s\u00f5nul j\u00e4tkab London t\u00f6\u00f6d &#8220;kiire lahenduse nimel, mis taastaks piirkonnas julgeoleku ja stabiilsuse, l\u00f5petaks Iraani ohu naaberriikidele ning katsed v\u00f5tta maailmamajandus pantvangi&#8221;.<\/p>\n<p>Prantsuse s\u00f5jav\u00e4eametnik teatas kolmap\u00e4eva p\u00e4eval, et Prantsusmaa relvaj\u00f5udude juhataja Fabien Mandon osaleb &#8220;\u00f5ige pea&#8221; videokonverentsil teiste riikide kaitsev\u00e4e juhatajatega, kes soovivad aidata taastada vaba laevaliiklust Hormuzi v\u00e4inas.<\/p>\n<p>Politico kirjutas teisip\u00e4eval, et riigid, kes seavad eesm\u00e4rgiks Hormuzi v\u00e4ina taasavamise, kogunevad l\u00e4hiajal julgeolekualasele tippkohtumisele, mida on pakkunud v\u00f5\u00f5rustada \u00dchendkuningriik.<\/p>\n<p>\u00dchisavaldusele, millega lubatakse teha &#8220;vajalikke j\u00f5upingutusi&#8221; selle olulise kaubatee turvamiseks, on n\u00fc\u00fcdseks alla kirjutanud \u00fcle 30 riigi, teiste hulgas Araabia \u00dchendemiraadid, \u00dchendkuningriik, Prantsusmaa, Saksamaa, Itaalia, Holland ja Eesti.<\/p>\n<p>Anon\u00fc\u00fcmsust palunud Briti ametnik s\u00f5nas teisip\u00e4eval, et \u00dchendkuningriik soovib aidata seda koalitsiooni luua ja sellele hoogu anda, et tagada Hormuzi v\u00e4ina l\u00e4biv turvaline teekond ning pakkuda kaubalaevastikule vajalikku kindlustunnet.<\/p>\n<p>Ta lisas, et sarnaselt m\u00f5tlevate partnerite koost\u00f6\u00f6 raames toimuks ka teemakohane julgeolekukonverents, mille asukohaks v\u00f5iks olla London v\u00f5i Inglismaa l\u00f5unarannikul asuv Briti kuningliku merev\u00e4e kodu Portsmouth.<\/p>\n<p>NATO peasekret\u00e4r Mark Rutte ja Briti peaminister Keir Starmer n\u00e4ivad n\u00fc\u00fcd olevat peamised eestvedajad laevaliikluse taastamisel l\u00e4bi v\u00e4ina, vaatamata teiste liitlaste skepsisele, m\u00e4rkis v\u00e4ljaanne.<\/p>\n<p>Sama ametnik arutles ka v\u00f5imalike lahenduste \u00fcle meretee turvamiseks, mainides autonoomsete miinit\u00f5rjes\u00fcsteemide kaasamist P\u00e4rsia lahes asuvalt emalaevalt. Samas m\u00f6\u00f6nis ta, et praeguse vaenutegevuse taseme juures ei ole see veel v\u00f5imalik.<\/p>\n<p>Ametnik v\u00e4ljendas veendumust, et &#8220;erinevad riigid tulevad v\u00e4lja oma pakkumistega meid toetada&#8221; ning &#8220;sobivate tingimuste tekkides suudetakse luua koalitsioon, mis suudab pakkuda kaubalaevanduse sektorile vajalikku turvatunnet&#8221;.<\/p>\n<p>Avaldusele kirjutasid alla Albania, Araabia \u00dchendemiraadid, Austraalia, Bahrein, Bulgaaria, Dominikaani Vabariik, Eesti, Horvaatia, Itaalia, Jaapan, Kanada, Korea Vabariik, Kosovo, Leedu, L\u00e4ti, Holland, Montenegro, Nigeeria, Norra, Panama, Portugal, Prantsusmaa, P\u00f5hja-Makedoonia, Rootsi, Rumeenia, Saksamaa, Sloveenia, Soome, Taani, Trinidad ja Tobago, T\u0161ehhi, Uus-Meremaa ning \u00dchendkuningriik.<\/p>\n","protected":false},"excerpt":{"rendered":"Suurbritannia suursaadik Iisraelis Simon Walters kinnitas, et \u00dchendkuningriik t\u00f6\u00f6tab koos rahvusvaheliste partneritega v\u00e4lja kava laevaliikluse turvamiseks Hormuzi v\u00e4inas.&hellip;\n","protected":false},"author":2,"featured_media":138190,"comment_status":"","ping_status":"","sticky":false,"template":"","format":"standard","meta":{"footnotes":"","_share_on_mastodon":"0"},"categories":[80],"tags":[26,27,37,33,35,34,36,31,32,21,46527,1925,28,29,9814,95,62602,19,25,52,23,24,1038,22,20,30,92,93,94],"class_list":["post-138189","post","type-post","status-publish","format-standard","has-post-thumbnail","category-maailm","tag-breaking-news","tag-breakingnews","tag-ee","tag-eesti","tag-eesti-keel","tag-estonia","tag-estonian","tag-featured-news","tag-featurednews","tag-headlines","tag-hormuzi-vain","tag-iraan","tag-latest-news","tag-latestnews","tag-liitlased","tag-maailm","tag-meretee","tag-news","tag-populaarseimad-lood","tag-prantsusmaa","tag-top-stories","tag-topstories","tag-uhendkuningriik","tag-uldised-uudised","tag-uudised","tag-viimased-uudised","tag-world","tag-world-news","tag-worldnews"],"share_on_mastodon":{"url":"https:\/\/pubeurope.com\/@ee\/116290993769256482","error":""},"_links":{"self":[{"href":"https:\/\/www.europesays.com\/ee\/wp-json\/wp\/v2\/posts\/138189","targetHints":{"allow":["GET"]}}],"collection":[{"href":"https:\/\/www.europesays.com\/ee\/wp-json\/wp\/v2\/posts"}],"about":[{"href":"https:\/\/www.europesays.com\/ee\/wp-json\/wp\/v2\/types\/post"}],"author":[{"embeddable":true,"href":"https:\/\/www.europesays.com\/ee\/wp-json\/wp\/v2\/users\/2"}],"replies":[{"embeddable":true,"href":"https:\/\/www.europesays.com\/ee\/wp-json\/wp\/v2\/comments?post=138189"}],"version-history":[{"count":0,"href":"https:\/\/www.europesays.com\/ee\/wp-json\/wp\/v2\/posts\/138189\/revisions"}],"wp:featuredmedia":[{"embeddable":true,"href":"https:\/\/www.europesays.com\/ee\/wp-json\/wp\/v2\/media\/138190"}],"wp:attachment":[{"href":"https:\/\/www.europesays.com\/ee\/wp-json\/wp\/v2\/media?parent=138189"}],"wp:term":[{"taxonomy":"category","embeddable":true,"href":"https:\/\/www.europesays.com\/ee\/wp-json\/wp\/v2\/categories?post=138189"},{"taxonomy":"post_tag","embeddable":true,"href":"https:\/\/www.europesays.com\/ee\/wp-json\/wp\/v2\/tags?post=138189"}],"curies":[{"name":"wp","href":"https:\/\/api.w.org\/{rel}","templated":true}]}}