{"id":138307,"date":"2026-03-25T21:07:12","date_gmt":"2026-03-25T21:07:12","guid":{"rendered":"https:\/\/www.europesays.com\/ee\/138307\/"},"modified":"2026-03-25T21:07:12","modified_gmt":"2026-03-25T21:07:12","slug":"ulevaade-vene-ukraina-soda-toob-droone-alatasa-euroopa-ohuruumi-enamasti-on-tegu-vene-droonidega-delfi","status":"publish","type":"post","link":"https:\/\/www.europesays.com\/ee\/138307\/","title":{"rendered":"\u00dcLEVAADE | Vene-Ukraina s\u00f5da toob droone alatasa Euroopa \u00f5huruumi. Enamasti on tegu Vene droonidega &#8211; Delfi"},"content":{"rendered":"<ol>\n<li><a href=\"https:\/\/news.google.com\/rss\/articles\/CBMi0gFBVV95cUxNeXlscnU0TXNqQ0l2NFh5TV93MVBWNzhTa010Q192bkR6dGRzbFhLYmZRc3N4dzVTb0NNSklJbTJ3NUdVb29PM093Nm5kOHdhNkc2VXJTZE5Tb0tka09wU3k5NnlUZHBEaFJsalRNOVg1MjB1Y0V1TEg5UHQwZHBWUURIZTFQMjVwVTZxYVFOZDhQbU9ZbzZRMUlLelZ3Wm1HcVEyRTFPOHFmeGw3aWJqUXhTV1ZjVWhsZzFZUlpsb2N0b25fOEYtaEd5cW5mMlB6ZGc?oc=5\" target=\"_blank\" rel=\"nofollow noopener\">\u00dcLEVAADE | Vene-Ukraina s\u00f5da toob droone alatasa Euroopa \u00f5huruumi. Enamasti on tegu Vene droonidega<\/a>&nbsp;&nbsp;Delfi<\/li>\n<li><a href=\"https:\/\/news.google.com\/rss\/articles\/CBMi3gFBVV95cUxQSVA4X2lyVnJRUU9UZ0VjQW9CcTh4TzZLRG5ETHFFRGRfRWduSDJZU2YxX0Q4NTE0cHJvN1RRSElpN2F0ZzZoLU9SXzhNY1NVOUhIempxbDRTQ0RPT3d6QjMtaHdhTUxzMkwwc3VYVWhBZHhmQ19fRFc3RUxOeUlDSXVfb29DWU5WZ3I4bGRqYVQ1Qzl2c3ZDNUV1MEJzTW5hRE1tMzBkQXkzWFMxdE9KNVd0d1lzckQ0UjhtLVRONTBIdTVzOEVvSk5fT2N5S1M4ZjVKVHBOUGl6czB6U0E?oc=5\" target=\"_blank\" rel=\"nofollow noopener\">S\u00d5JASTUUDIO Neeme V\u00e4li: venelastel ei ole kusagilt v\u00f5tta s\u00f5jalaevu, mida panna oma varilaevastiku tankereid kaitsma<\/a>&nbsp;&nbsp;Postimees TV<\/li>\n<li><a href=\"https:\/\/news.google.com\/rss\/articles\/CBMibkFVX3lxTE5MX0N0cTRTeTRsTGpjc2ZaYkdJTWo3dGcxdk5PcEFzNjloOTA3ejd3cVFua0IxZHhTQjRoSG92WTJmb0kyUlNTWGczWUhOVTcxRHYwR3FsSEd3VWczWTk1WTRGeXluQnhwVWhhSU1R?oc=5\" target=\"_blank\" rel=\"nofollow noopener\">S\u00d5JAKOKKUV\u00d5TE | \u0160oigu tunnistus<\/a>&nbsp;&nbsp;\u00d5htuleht<\/li>\n<li><a href=\"https:\/\/news.google.com\/rss\/articles\/CBMinAFBVV95cUxOeVVhdVRpMDNlcVFxc1B6MTBaVVNMR1B5VDJBa0t3LTdzUERCd3JlT0x2aGlTSEUtV2ZNWHFPQ2xjYXJrY2JwUVlBcjNNYmU1d0lxVDVmQ0JseVRETll4VVRZeTNjbHVYNDdhbDZMU2Z0ZTNON3lwTUlwT3NtWi14SzFFQ19wcGNDSXZFbl9aR3NRUklVd1lFajU3TFQ?oc=5\" target=\"_blank\" rel=\"nofollow noopener\">Venemaa v\u00f5ib saata oma s\u00f5jalaevad varilaevastiku tankereid kaitsma<\/a>&nbsp;&nbsp;ERR<\/li>\n<li><a href=\"https:\/\/news.google.com\/rss\/articles\/CBMi2AFBVV95cUxPeUFLRDROeXBJaEJxOUpEUXhQRGlleGJ3YlVMbnZfOWU0U3NMR1RpUTB6bXdCV1lRMUZUWEt5MzFISEVXUFJ1di16c2NYTVliTE5DYjVJRGppOS1peC1zbXFOWU5CWllPc2NNNTRYM0c1X2ROMkNRRDBscS1ERXpIWlE4aGZndVlVZktmLVlPdDJCbzh0THdKSFcybGVlZWVmaFFSeWxaRFpQc3ZtbHhKYXRDU01tN1NnUVloaTVYNGZkWnRLQUx3ckJYeGUxcE5xRGFORXpnRjE?oc=5\" target=\"_blank\" rel=\"nofollow noopener\">S\u00d5JASTUUDIO Neeme V\u00e4li: venelastel ei ole kusagilt v\u00f5tta s\u00f5jalaevu, mida panna varilaevastiku tankereid kaitsma<\/a>&nbsp;&nbsp;Postimees TV<\/li>\n<\/ol>\n","protected":false},"excerpt":{"rendered":"\u00dcLEVAADE | Vene-Ukraina s\u00f5da toob droone alatasa Euroopa \u00f5huruumi. Enamasti on tegu Vene droonidega&nbsp;&nbsp;Delfi S\u00d5JASTUUDIO Neeme V\u00e4li: venelastel&hellip;\n","protected":false},"author":2,"featured_media":138308,"comment_status":"","ping_status":"","sticky":false,"template":"","format":"standard","meta":{"footnotes":"","_share_on_mastodon":"0"},"categories":[80],"tags":[26,27,37,33,35,34,36,31,32,21,28,29,95,54,19,25,107,23,24,22,20,7269,96,30,92,93,94],"class_list":["post-138307","post","type-post","status-publish","format-standard","has-post-thumbnail","category-maailm","tag-breaking-news","tag-breakingnews","tag-ee","tag-eesti","tag-eesti-keel","tag-estonia","tag-estonian","tag-featured-news","tag-featurednews","tag-headlines","tag-latest-news","tag-latestnews","tag-maailm","tag-nato","tag-news","tag-populaarseimad-lood","tag-soda-ukrainas","tag-top-stories","tag-topstories","tag-uldised-uudised","tag-uudised","tag-vene","tag-venemaa","tag-viimased-uudised","tag-world","tag-world-news","tag-worldnews"],"share_on_mastodon":{"url":"https:\/\/pubeurope.com\/@ee\/116291858783658793","error":""},"_links":{"self":[{"href":"https:\/\/www.europesays.com\/ee\/wp-json\/wp\/v2\/posts\/138307","targetHints":{"allow":["GET"]}}],"collection":[{"href":"https:\/\/www.europesays.com\/ee\/wp-json\/wp\/v2\/posts"}],"about":[{"href":"https:\/\/www.europesays.com\/ee\/wp-json\/wp\/v2\/types\/post"}],"author":[{"embeddable":true,"href":"https:\/\/www.europesays.com\/ee\/wp-json\/wp\/v2\/users\/2"}],"replies":[{"embeddable":true,"href":"https:\/\/www.europesays.com\/ee\/wp-json\/wp\/v2\/comments?post=138307"}],"version-history":[{"count":0,"href":"https:\/\/www.europesays.com\/ee\/wp-json\/wp\/v2\/posts\/138307\/revisions"}],"wp:featuredmedia":[{"embeddable":true,"href":"https:\/\/www.europesays.com\/ee\/wp-json\/wp\/v2\/media\/138308"}],"wp:attachment":[{"href":"https:\/\/www.europesays.com\/ee\/wp-json\/wp\/v2\/media?parent=138307"}],"wp:term":[{"taxonomy":"category","embeddable":true,"href":"https:\/\/www.europesays.com\/ee\/wp-json\/wp\/v2\/categories?post=138307"},{"taxonomy":"post_tag","embeddable":true,"href":"https:\/\/www.europesays.com\/ee\/wp-json\/wp\/v2\/tags?post=138307"}],"curies":[{"name":"wp","href":"https:\/\/api.w.org\/{rel}","templated":true}]}}