{"id":138317,"date":"2026-03-25T21:40:06","date_gmt":"2026-03-25T21:40:06","guid":{"rendered":"https:\/\/www.europesays.com\/ee\/138317\/"},"modified":"2026-03-25T21:40:06","modified_gmt":"2026-03-25T21:40:06","slug":"usa-on-seadnud-julgeolekugarantiide-tingimuseks-donbassi-loovutamise","status":"publish","type":"post","link":"https:\/\/www.europesays.com\/ee\/138317\/","title":{"rendered":"USA on seadnud julgeolekugarantiide tingimuseks Donbassi loovutamise"},"content":{"rendered":"<p>Ameerika \u00dchendriigid on seadnud Ukraina rahulepingu s\u00f5lmimiseks vajalike julgeolekugarantiide tingimuseks, et Kiiev loovutab Donbassi piirkonna Venemaale, \u00fctles Ukraina president Volod\u00f5m\u00f5r Zelensk\u00f5i intervjuus Reutersile.<\/p>\n<p>Kuna \u00dchendriigid on enam keskendunud s\u00f5jale Iraaniga, avaldab president Donald Trump Ukrainale survet l\u00f5petamaks kiiresti neli aastat kestnud s\u00f5da, mida Venemaa 2022 alustas, s\u00f5nas Zelensk\u00f5i.<\/p>\n","protected":false},"excerpt":{"rendered":"Ameerika \u00dchendriigid on seadnud Ukraina rahulepingu s\u00f5lmimiseks vajalike julgeolekugarantiide tingimuseks, et Kiiev loovutab Donbassi piirkonna Venemaale, \u00fctles Ukraina&hellip;\n","protected":false},"author":2,"featured_media":138318,"comment_status":"","ping_status":"","sticky":false,"template":"","format":"standard","meta":{"footnotes":"","_share_on_mastodon":"0"},"categories":[80],"tags":[587,26,27,324,5006,37,33,35,34,36,31,32,21,37718,28,29,95,19,25,23,24,262,124,22,20,7269,96,30,263,92,93,94],"class_list":["post-138317","post","type-post","status-publish","format-standard","has-post-thumbnail","category-maailm","tag-ameerika-uhendriigid","tag-breaking-news","tag-breakingnews","tag-donald-trump","tag-donbass","tag-ee","tag-eesti","tag-eesti-keel","tag-estonia","tag-estonian","tag-featured-news","tag-featurednews","tag-headlines","tag-ida-ukraina","tag-latest-news","tag-latestnews","tag-maailm","tag-news","tag-populaarseimad-lood","tag-top-stories","tag-topstories","tag-ukraina","tag-ukraina-soda","tag-uldised-uudised","tag-uudised","tag-vene","tag-venemaa","tag-viimased-uudised","tag-volodomor-zelenskoi","tag-world","tag-world-news","tag-worldnews"],"share_on_mastodon":{"url":"https:\/\/pubeurope.com\/@ee\/116291988532810892","error":""},"_links":{"self":[{"href":"https:\/\/www.europesays.com\/ee\/wp-json\/wp\/v2\/posts\/138317","targetHints":{"allow":["GET"]}}],"collection":[{"href":"https:\/\/www.europesays.com\/ee\/wp-json\/wp\/v2\/posts"}],"about":[{"href":"https:\/\/www.europesays.com\/ee\/wp-json\/wp\/v2\/types\/post"}],"author":[{"embeddable":true,"href":"https:\/\/www.europesays.com\/ee\/wp-json\/wp\/v2\/users\/2"}],"replies":[{"embeddable":true,"href":"https:\/\/www.europesays.com\/ee\/wp-json\/wp\/v2\/comments?post=138317"}],"version-history":[{"count":0,"href":"https:\/\/www.europesays.com\/ee\/wp-json\/wp\/v2\/posts\/138317\/revisions"}],"wp:featuredmedia":[{"embeddable":true,"href":"https:\/\/www.europesays.com\/ee\/wp-json\/wp\/v2\/media\/138318"}],"wp:attachment":[{"href":"https:\/\/www.europesays.com\/ee\/wp-json\/wp\/v2\/media?parent=138317"}],"wp:term":[{"taxonomy":"category","embeddable":true,"href":"https:\/\/www.europesays.com\/ee\/wp-json\/wp\/v2\/categories?post=138317"},{"taxonomy":"post_tag","embeddable":true,"href":"https:\/\/www.europesays.com\/ee\/wp-json\/wp\/v2\/tags?post=138317"}],"curies":[{"name":"wp","href":"https:\/\/api.w.org\/{rel}","templated":true}]}}