{"id":138370,"date":"2026-03-26T00:03:07","date_gmt":"2026-03-26T00:03:07","guid":{"rendered":"https:\/\/www.europesays.com\/ee\/138370\/"},"modified":"2026-03-26T00:03:07","modified_gmt":"2026-03-26T00:03:07","slug":"valge-maja-trump-kavatseb-iraani-karmimalt-luua-kui-teheran-ei-tunnista-kaotust","status":"publish","type":"post","link":"https:\/\/www.europesays.com\/ee\/138370\/","title":{"rendered":"Valge Maja: Trump kavatseb Iraani karmimalt l\u00fc\u00fca, kui Teheran ei tunnista kaotust"},"content":{"rendered":"<p>\u201eKui Iraan ei suuda tunnistada praegust olukorda, kui nad ei m\u00f5ista, et nad on s\u00f5jaliselt l\u00fc\u00fca saanud ja saavad ka edaspidi, siis tagab president Trump, et neid tabab karmim l\u00f6\u00f6k kui kunagi varem,\u201c \u00fctles pressisekret\u00e4r Karoline Leavitt pressikonverentsil.<\/p>\n<p>\u201ePresident Trump ei bluffi ja ta on valmis vallandama p\u00f5rgu. Iraan ei tohiks j\u00e4lle valearvestusi teha,\u201c lisas ta.<\/p>\n<p>Pressisekret\u00e4ri s\u00f5nul on USA ja Iraani l\u00e4bir\u00e4\u00e4kimised endiselt pooleli ning need on olnud produktiivsed.<\/p>\n<p>Teisip\u00e4eval teatasid meediav\u00e4ljaanded, et Washington saatis Teheranile 15-punktilise s\u00f5ja l\u00f5petamise plaani. Leavitt kommenteeris, et k\u00f5ik teadete osad pole t\u00e4iesti t\u00e4psed.<\/p>\n<p>\u201eValge Maja ei ole seda t\u00e4ielikku plaani kunagi kinnitanud. Selles on k\u00fcll t\u00f5e elemente, kuid m\u00f5ned lugudest, mida ma lugesin, ei olnud t\u00e4iesti faktilised, seega ma ei hakka siin poodiumil presidendi nimel l\u00e4bir\u00e4\u00e4kimisi pidama,\u201c \u00fctles Leavitt.<\/p>\n<p>Teadaolevalt on Teheran reageerinud USA plaanile negatiivselt. Iraani ingliskeelse riigitelevisiooni Press TV teatel \u00fctles \u00fcks ametnik, et Iraan on ettepaneku tagasi l\u00fckanud, vahendab Euronews.<\/p>\n<p>\u201eS\u00f5ja l\u00f5pp saabub siis, kui Iraan otsustab, et see peaks l\u00f5ppema, mitte siis, kui Trump selle l\u00f5ppu ette n\u00e4eb,\u201c tsiteeriti ametnikku.<\/p>\n<p>Vastuseks USA ettepanekule esitas ametnik Teherani tingimused s\u00f5ja l\u00f5petamiseks. See h\u00f5lmas s\u00f5ja ja tapmiste t\u00e4ielikku peatamist Iraani ja tema liitlaste suhtes, reparatsioone, meetmeid heidutamaks s\u00f5ja taaspuhkemise eest ja Iraani sisulist kontrolli Hormuzi v\u00e4ina \u00fcle.<\/p>\n<p>Kuidas see lugu Sind end tundma pani? Saada <a href=\"https:\/\/www.delfi.ee\/artikkel\/120474300\/valge-maja-trump-kavatseb-iraani-karmimalt-luua-kui-teheran-ei-tunnista-kaotust\/kommentaarid\" class=\"article-body-bottom__comment article-body-bottom__comment--write button button--primary button--size-auto\" rel=\"nofollow noopener\" target=\"_blank\"> Kommenteeri <\/a><a href=\"https:\/\/www.delfi.ee\/artikkel\/120474300\/valge-maja-trump-kavatseb-iraani-karmimalt-luua-kui-teheran-ei-tunnista-kaotust\/kommentaarid\" class=\"article-body-bottom__comment article-body-bottom__comment--read button button--size-auto\" rel=\"nofollow noopener\" target=\"_blank\"> Loe kommentaare (1)<\/a><\/p>\n","protected":false},"excerpt":{"rendered":"\u201eKui Iraan ei suuda tunnistada praegust olukorda, kui nad ei m\u00f5ista, et nad on s\u00f5jaliselt l\u00fc\u00fca saanud ja&hellip;\n","protected":false},"author":2,"featured_media":138371,"comment_status":"","ping_status":"","sticky":false,"template":"","format":"standard","meta":{"footnotes":"","_share_on_mastodon":"0"},"categories":[80],"tags":[26,27,324,37,33,35,34,36,31,32,21,1925,3303,55505,28,29,95,19,25,23,24,22,325,20,1900,30,92,93,94],"class_list":["post-138370","post","type-post","status-publish","format-standard","has-post-thumbnail","category-maailm","tag-breaking-news","tag-breakingnews","tag-donald-trump","tag-ee","tag-eesti","tag-eesti-keel","tag-estonia","tag-estonian","tag-featured-news","tag-featurednews","tag-headlines","tag-iraan","tag-karoline-leavitt","tag-lahis-ida-soda","tag-latest-news","tag-latestnews","tag-maailm","tag-news","tag-populaarseimad-lood","tag-top-stories","tag-topstories","tag-uldised-uudised","tag-usa","tag-uudised","tag-valge-maja","tag-viimased-uudised","tag-world","tag-world-news","tag-worldnews"],"share_on_mastodon":{"url":"https:\/\/pubeurope.com\/@ee\/116292550884206856","error":""},"_links":{"self":[{"href":"https:\/\/www.europesays.com\/ee\/wp-json\/wp\/v2\/posts\/138370","targetHints":{"allow":["GET"]}}],"collection":[{"href":"https:\/\/www.europesays.com\/ee\/wp-json\/wp\/v2\/posts"}],"about":[{"href":"https:\/\/www.europesays.com\/ee\/wp-json\/wp\/v2\/types\/post"}],"author":[{"embeddable":true,"href":"https:\/\/www.europesays.com\/ee\/wp-json\/wp\/v2\/users\/2"}],"replies":[{"embeddable":true,"href":"https:\/\/www.europesays.com\/ee\/wp-json\/wp\/v2\/comments?post=138370"}],"version-history":[{"count":0,"href":"https:\/\/www.europesays.com\/ee\/wp-json\/wp\/v2\/posts\/138370\/revisions"}],"wp:featuredmedia":[{"embeddable":true,"href":"https:\/\/www.europesays.com\/ee\/wp-json\/wp\/v2\/media\/138371"}],"wp:attachment":[{"href":"https:\/\/www.europesays.com\/ee\/wp-json\/wp\/v2\/media?parent=138370"}],"wp:term":[{"taxonomy":"category","embeddable":true,"href":"https:\/\/www.europesays.com\/ee\/wp-json\/wp\/v2\/categories?post=138370"},{"taxonomy":"post_tag","embeddable":true,"href":"https:\/\/www.europesays.com\/ee\/wp-json\/wp\/v2\/tags?post=138370"}],"curies":[{"name":"wp","href":"https:\/\/api.w.org\/{rel}","templated":true}]}}