{"id":138372,"date":"2026-03-26T00:04:06","date_gmt":"2026-03-26T00:04:06","guid":{"rendered":"https:\/\/www.europesays.com\/ee\/138372\/"},"modified":"2026-03-26T00:04:06","modified_gmt":"2026-03-26T00:04:06","slug":"video-%e2%9f%a9-riigikogu-infotunnis-osalesid-michal-sutt-ja-pakosta","status":"publish","type":"post","link":"https:\/\/www.europesays.com\/ee\/138372\/","title":{"rendered":"VIDEO \u27e9 Riigikogu infotunnis osalesid Michal, Sutt\u00a0ja Pakosta"},"content":{"rendered":"<p>Riigikogu infotunnis osalesid peaminister Kristen Michal (RE), energeetika- ja keskkonnaminister Andres Sutt (RE) ning justiits- ja digiminister Liisa Pakosta (Eesti 200).<\/p>\n<p class=\"x_MsoNormal\">Peaminister vastas saadikute k\u00fcsimustele julgeoleku, k\u00fctuse ja toidu hindade, p\u00f5llumeeste, elukalliduse, Eesti majanduse, s\u00f5ltumatute majandusuuringute ja elektrihindade kohta.<\/p>\n","protected":false},"excerpt":{"rendered":"Riigikogu infotunnis osalesid peaminister Kristen Michal (RE), energeetika- ja keskkonnaminister Andres Sutt (RE) ning justiits- ja digiminister Liisa&hellip;\n","protected":false},"author":2,"featured_media":138373,"comment_status":"","ping_status":"","sticky":false,"template":"","format":"standard","meta":{"footnotes":"","_share_on_mastodon":"0"},"categories":[12],"tags":[2338,26,27,37,33,35,2759,15015,3976,56507,20163,34,36,31,32,21,498,41721,646,57636,28,29,2860,15881,19,7751,3582,25,62778,20384,62779,62777,62776,52673,23,24,22,20,30],"class_list":["post-138372","post","type-post","status-publish","format-standard","has-post-thumbnail","category-eesti","tag-andres-sutt","tag-breaking-news","tag-breakingnews","tag-ee","tag-eesti","tag-eesti-keel","tag-eesti-majandus","tag-elektrihinnad","tag-elukallidus","tag-energeetika-ja-keskkonnaminister","tag-energiakriis","tag-estonia","tag-estonian","tag-featured-news","tag-featurednews","tag-headlines","tag-julgeolek","tag-justiits-ja-digiminister","tag-kristen-michal","tag-kutuse-hinnad","tag-latest-news","tag-latestnews","tag-liisa-pakosta","tag-metsaseadus","tag-news","tag-peaminister","tag-pollumehed","tag-populaarseimad-lood","tag-postimees-otseulekanne","tag-riigikogu-infotund","tag-riigikogu-taiskogu-istung","tag-rmk-pidu","tag-soltumatud-majandusuuringud","tag-toidu-hinnad","tag-top-stories","tag-topstories","tag-uldised-uudised","tag-uudised","tag-viimased-uudised"],"share_on_mastodon":{"url":"","error":"Validation failed: Text character limit of 500 exceeded"},"_links":{"self":[{"href":"https:\/\/www.europesays.com\/ee\/wp-json\/wp\/v2\/posts\/138372","targetHints":{"allow":["GET"]}}],"collection":[{"href":"https:\/\/www.europesays.com\/ee\/wp-json\/wp\/v2\/posts"}],"about":[{"href":"https:\/\/www.europesays.com\/ee\/wp-json\/wp\/v2\/types\/post"}],"author":[{"embeddable":true,"href":"https:\/\/www.europesays.com\/ee\/wp-json\/wp\/v2\/users\/2"}],"replies":[{"embeddable":true,"href":"https:\/\/www.europesays.com\/ee\/wp-json\/wp\/v2\/comments?post=138372"}],"version-history":[{"count":0,"href":"https:\/\/www.europesays.com\/ee\/wp-json\/wp\/v2\/posts\/138372\/revisions"}],"wp:featuredmedia":[{"embeddable":true,"href":"https:\/\/www.europesays.com\/ee\/wp-json\/wp\/v2\/media\/138373"}],"wp:attachment":[{"href":"https:\/\/www.europesays.com\/ee\/wp-json\/wp\/v2\/media?parent=138372"}],"wp:term":[{"taxonomy":"category","embeddable":true,"href":"https:\/\/www.europesays.com\/ee\/wp-json\/wp\/v2\/categories?post=138372"},{"taxonomy":"post_tag","embeddable":true,"href":"https:\/\/www.europesays.com\/ee\/wp-json\/wp\/v2\/tags?post=138372"}],"curies":[{"name":"wp","href":"https:\/\/api.w.org\/{rel}","templated":true}]}}