{"id":138430,"date":"2026-03-26T04:40:07","date_gmt":"2026-03-26T04:40:07","guid":{"rendered":"https:\/\/www.europesays.com\/ee\/138430\/"},"modified":"2026-03-26T04:40:07","modified_gmt":"2026-03-26T04:40:07","slug":"raadikeskusesse-tuleb-eesti-suurim-k-rauta-astri-grupi-juht-arendusest-aeg-on-oige","status":"publish","type":"post","link":"https:\/\/www.europesays.com\/ee\/138430\/","title":{"rendered":"Raadikeskusesse tuleb Eesti suurim K-rauta. Astri Grupi juht arendusest: aeg on \u00f5ige"},"content":{"rendered":"<p>Astri Grupi tegevjuht Kairi Toom s\u00f5nab, et Raadi piirkond v\u00f5eti plaani juba ligi 20 aastat tagasi, aga 2008. aastal pandi see ootele. \u201eKui vaadata sinna aega tagasi, siis tollal tunduski, et kaubanduskeskusi mahub Eestisse l\u00f5putult, aga praegu on teistsugune olukord,\u201c meenutab ta. \u201eMeie esimene projekt Raadil oligi selline suur kaubanduskeskuse hoone, aga tollal saime siiski aru, et see ei t\u00f6\u00f6ta, ja otsustasime kaubanduskeskuse fookuse hoida ikkagi L\u00f5unakeskusel,\u201c r\u00e4\u00e4gib ta.<\/p>\n<p>\u201eVeel \u00fcks p\u00f5hjus, miks Raadikeskuse aval\u00f6\u00f6k viibis, oli see, et sellise t\u00fchja ala jaoks arenduse alustamine t\u00e4hendab v\u00e4ga suurt infrastruktuuri, mida on vaja sinna looma hakata,\u201c lausub Toom. See t\u00e4hendab \u00fchtlasi seda, et esimene hoone peab olema piisava suure mahuga, et seda \u00fcldse teha saaks ja see ka m\u00f5istlik oleks.<\/p>\n<p>Oled juba tellija?Logi sisse<\/p>\n<p><a href=\"https:\/\/arileht.delfi.ee\/a\/120452087\/raadikeskusesse-tuleb-eesti-suurim-k-rauta-astri-grupi-juht-arendusest-aeg-on-oige\/kommentaarid\" class=\"article-body-bottom__comment article-body-bottom__comment--write button button--primary button--size-auto\" rel=\"nofollow noopener\" target=\"_blank\"> Kommenteeri <\/a><a href=\"https:\/\/arileht.delfi.ee\/a\/120452087\/raadikeskusesse-tuleb-eesti-suurim-k-rauta-astri-grupi-juht-arendusest-aeg-on-oige\/kommentaarid\" class=\"article-body-bottom__comment article-body-bottom__comment--read button button--size-auto\" rel=\"nofollow noopener\" target=\"_blank\"> Loe kommentaare (13)<\/a><\/p>\n","protected":false},"excerpt":{"rendered":"Astri Grupi tegevjuht Kairi Toom s\u00f5nab, et Raadi piirkond v\u00f5eti plaani juba ligi 20 aastat tagasi, aga 2008.&hellip;\n","protected":false},"author":2,"featured_media":138431,"comment_status":"","ping_status":"","sticky":false,"template":"","format":"standard","meta":{"footnotes":"","_share_on_mastodon":"0"},"categories":[5],"tags":[62809,26,27,37,33,35,34,36,31,32,21,11922,28,29,19,25,11539,62810,23,24,22,20,30],"class_list":["post-138430","post","type-post","status-publish","format-standard","has-post-thumbnail","category-uldised-uudised","tag-astri-grupp","tag-breaking-news","tag-breakingnews","tag-ee","tag-eesti","tag-eesti-keel","tag-estonia","tag-estonian","tag-featured-news","tag-featurednews","tag-headlines","tag-k-rauta","tag-latest-news","tag-latestnews","tag-news","tag-populaarseimad-lood","tag-raadi","tag-raadikeskus","tag-top-stories","tag-topstories","tag-uldised-uudised","tag-uudised","tag-viimased-uudised"],"share_on_mastodon":{"url":"https:\/\/pubeurope.com\/@ee\/116293640075156110","error":""},"_links":{"self":[{"href":"https:\/\/www.europesays.com\/ee\/wp-json\/wp\/v2\/posts\/138430","targetHints":{"allow":["GET"]}}],"collection":[{"href":"https:\/\/www.europesays.com\/ee\/wp-json\/wp\/v2\/posts"}],"about":[{"href":"https:\/\/www.europesays.com\/ee\/wp-json\/wp\/v2\/types\/post"}],"author":[{"embeddable":true,"href":"https:\/\/www.europesays.com\/ee\/wp-json\/wp\/v2\/users\/2"}],"replies":[{"embeddable":true,"href":"https:\/\/www.europesays.com\/ee\/wp-json\/wp\/v2\/comments?post=138430"}],"version-history":[{"count":0,"href":"https:\/\/www.europesays.com\/ee\/wp-json\/wp\/v2\/posts\/138430\/revisions"}],"wp:featuredmedia":[{"embeddable":true,"href":"https:\/\/www.europesays.com\/ee\/wp-json\/wp\/v2\/media\/138431"}],"wp:attachment":[{"href":"https:\/\/www.europesays.com\/ee\/wp-json\/wp\/v2\/media?parent=138430"}],"wp:term":[{"taxonomy":"category","embeddable":true,"href":"https:\/\/www.europesays.com\/ee\/wp-json\/wp\/v2\/categories?post=138430"},{"taxonomy":"post_tag","embeddable":true,"href":"https:\/\/www.europesays.com\/ee\/wp-json\/wp\/v2\/tags?post=138430"}],"curies":[{"name":"wp","href":"https:\/\/api.w.org\/{rel}","templated":true}]}}