{"id":138527,"date":"2026-03-26T08:06:07","date_gmt":"2026-03-26T08:06:07","guid":{"rendered":"https:\/\/www.europesays.com\/ee\/138527\/"},"modified":"2026-03-26T08:06:07","modified_gmt":"2026-03-26T08:06:07","slug":"meta-ja-youtube-jaid-kohtus-suudi-noorele-naisele-soltuvuse-tekitamises","status":"publish","type":"post","link":"https:\/\/www.europesays.com\/ee\/138527\/","title":{"rendered":"Meta ja YouTube j\u00e4id kohtus s\u00fc\u00fcdi noorele naisele s\u00f5ltuvuse tekitamises"},"content":{"rendered":"<p>USA Los Angelese vandekohus leidis, et Meta ja YouTube kavandasid teadlikult s\u00f5ltuvust tekitavad tooted, mis kahjustasid noort kasutajat, ning m\u00f5istis talle v\u00e4lja kuue miljoni dollari suuruse h\u00fcvitise.<\/p>\n<p>Kuuen\u00e4dalases kohtuprotsessis kuulas kohus tehnoloogiaettev\u00f5tete juhte, vilepuhujaid, s\u00f5ltuvuse ja sotsiaalmeedia asjatundjaid ning 20-aastast naist, keda kohtudokumentides m\u00e4rgiti initsiaalidega KGM, vahendab The Guardian.<\/p>\n","protected":false},"excerpt":{"rendered":"USA Los Angelese vandekohus leidis, et Meta ja YouTube kavandasid teadlikult s\u00f5ltuvust tekitavad tooted, mis kahjustasid noort kasutajat,&hellip;\n","protected":false},"author":2,"featured_media":138528,"comment_status":"","ping_status":"","sticky":false,"template":"","format":"standard","meta":{"footnotes":"","_share_on_mastodon":"0"},"categories":[14],"tags":[131,130,37,33,35,34,36,5922,8918,2886,46414,13239,14558,328,3025],"class_list":["post-138527","post","type-post","status-publish","format-standard","has-post-thumbnail","category-ari","tag-ari","tag-business","tag-ee","tag-eesti","tag-eesti-keel","tag-estonia","tag-estonian","tag-instagram","tag-los-angeles","tag-meta","tag-noorte-vaimne-tervis","tag-snapchat","tag-sotsiaalmeedia-soltuvus","tag-tiktok","tag-youtube"],"share_on_mastodon":{"url":"https:\/\/pubeurope.com\/@ee\/116294450292261052","error":""},"_links":{"self":[{"href":"https:\/\/www.europesays.com\/ee\/wp-json\/wp\/v2\/posts\/138527","targetHints":{"allow":["GET"]}}],"collection":[{"href":"https:\/\/www.europesays.com\/ee\/wp-json\/wp\/v2\/posts"}],"about":[{"href":"https:\/\/www.europesays.com\/ee\/wp-json\/wp\/v2\/types\/post"}],"author":[{"embeddable":true,"href":"https:\/\/www.europesays.com\/ee\/wp-json\/wp\/v2\/users\/2"}],"replies":[{"embeddable":true,"href":"https:\/\/www.europesays.com\/ee\/wp-json\/wp\/v2\/comments?post=138527"}],"version-history":[{"count":0,"href":"https:\/\/www.europesays.com\/ee\/wp-json\/wp\/v2\/posts\/138527\/revisions"}],"wp:featuredmedia":[{"embeddable":true,"href":"https:\/\/www.europesays.com\/ee\/wp-json\/wp\/v2\/media\/138528"}],"wp:attachment":[{"href":"https:\/\/www.europesays.com\/ee\/wp-json\/wp\/v2\/media?parent=138527"}],"wp:term":[{"taxonomy":"category","embeddable":true,"href":"https:\/\/www.europesays.com\/ee\/wp-json\/wp\/v2\/categories?post=138527"},{"taxonomy":"post_tag","embeddable":true,"href":"https:\/\/www.europesays.com\/ee\/wp-json\/wp\/v2\/tags?post=138527"}],"curies":[{"name":"wp","href":"https:\/\/api.w.org\/{rel}","templated":true}]}}