{"id":138562,"date":"2026-03-26T08:42:11","date_gmt":"2026-03-26T08:42:11","guid":{"rendered":"https:\/\/www.europesays.com\/ee\/138562\/"},"modified":"2026-03-26T08:42:11","modified_gmt":"2026-03-26T08:42:11","slug":"fotod-%e2%9f%a9-rmk-peab-peokorraldust-muutma-juhatuse-preemiad-jaid-otsustamata","status":"publish","type":"post","link":"https:\/\/www.europesays.com\/ee\/138562\/","title":{"rendered":"FOTOD \u27e9 RMK peab peokorraldust muutma, juhatuse preemiad j\u00e4id otsustamata"},"content":{"rendered":"<p class=\"MsoNormal\">Riigimetsa Majandamise Keskuse (RMK) n\u00f5ukogu otsustas eile peoskandaali j\u00e4rel, et tulevikus tuleb RMK tunnustus\u00fcritusi korraldada teisiti, traditsiooniline juhatuse premeerimine j\u00e4i (veel) otsustamata, kuid n\u00f5ukogu esimees hindas RMK juhatust preemia v\u00e4\u00e4riliseks.<\/p>\n<p class=\"MsoNormal\">RMK n\u00f5ukogu esimees Kadri Land \u00fctles p\u00e4rast eilset n\u00f5ukogu istungit, et seal arutati RMK peo maksumust ja n\u00f5uti juhatuselt tunnustus\u00fcrituste tellimise muutmist.<\/p>\n","protected":false},"excerpt":{"rendered":"Riigimetsa Majandamise Keskuse (RMK) n\u00f5ukogu otsustas eile peoskandaali j\u00e4rel, et tulevikus tuleb RMK tunnustus\u00fcritusi korraldada teisiti, traditsiooniline juhatuse&hellip;\n","protected":false},"author":2,"featured_media":138563,"comment_status":"","ping_status":"","sticky":false,"template":"","format":"standard","meta":{"footnotes":"","_share_on_mastodon":"0"},"categories":[5],"tags":[26,27,37,33,35,34,36,31,32,21,46490,28,29,7850,19,25,596,23,24,22,20,30],"class_list":["post-138562","post","type-post","status-publish","format-standard","has-post-thumbnail","category-uldised-uudised","tag-breaking-news","tag-breakingnews","tag-ee","tag-eesti","tag-eesti-keel","tag-estonia","tag-estonian","tag-featured-news","tag-featurednews","tag-headlines","tag-kadri-land","tag-latest-news","tag-latestnews","tag-mikk-marran","tag-news","tag-populaarseimad-lood","tag-riigimetsa-majandamise-keskus","tag-top-stories","tag-topstories","tag-uldised-uudised","tag-uudised","tag-viimased-uudised"],"share_on_mastodon":{"url":"https:\/\/pubeurope.com\/@ee\/116294591614212638","error":""},"_links":{"self":[{"href":"https:\/\/www.europesays.com\/ee\/wp-json\/wp\/v2\/posts\/138562","targetHints":{"allow":["GET"]}}],"collection":[{"href":"https:\/\/www.europesays.com\/ee\/wp-json\/wp\/v2\/posts"}],"about":[{"href":"https:\/\/www.europesays.com\/ee\/wp-json\/wp\/v2\/types\/post"}],"author":[{"embeddable":true,"href":"https:\/\/www.europesays.com\/ee\/wp-json\/wp\/v2\/users\/2"}],"replies":[{"embeddable":true,"href":"https:\/\/www.europesays.com\/ee\/wp-json\/wp\/v2\/comments?post=138562"}],"version-history":[{"count":0,"href":"https:\/\/www.europesays.com\/ee\/wp-json\/wp\/v2\/posts\/138562\/revisions"}],"wp:featuredmedia":[{"embeddable":true,"href":"https:\/\/www.europesays.com\/ee\/wp-json\/wp\/v2\/media\/138563"}],"wp:attachment":[{"href":"https:\/\/www.europesays.com\/ee\/wp-json\/wp\/v2\/media?parent=138562"}],"wp:term":[{"taxonomy":"category","embeddable":true,"href":"https:\/\/www.europesays.com\/ee\/wp-json\/wp\/v2\/categories?post=138562"},{"taxonomy":"post_tag","embeddable":true,"href":"https:\/\/www.europesays.com\/ee\/wp-json\/wp\/v2\/tags?post=138562"}],"curies":[{"name":"wp","href":"https:\/\/api.w.org\/{rel}","templated":true}]}}