{"id":138564,"date":"2026-03-26T08:50:05","date_gmt":"2026-03-26T08:50:05","guid":{"rendered":"https:\/\/www.europesays.com\/ee\/138564\/"},"modified":"2026-03-26T08:50:05","modified_gmt":"2026-03-26T08:50:05","slug":"kasutatud-autode-muuja-diiselmootoriga-auto-pusib-elujouline-veel-kumme-aastat","status":"publish","type":"post","link":"https:\/\/www.europesays.com\/ee\/138564\/","title":{"rendered":"Kasutatud autode m\u00fc\u00fcja: diiselmootoriga auto p\u00fcsib eluj\u00f5uline veel k\u00fcmme aastat"},"content":{"rendered":"<p class=\"font-claude-response-body break-words whitespace-normal leading-[1.7]\">Euroopa Autotootjate Assotsiatsiooni andmetel moodustasid uued diiselmootoriga autod 2025. aastal k\u00f5igest 8,9 protsenti Euroopa Liidus m\u00fc\u00fcdud uutest s\u00f5idukitest. K\u00fcmme aastat tagasi oli diisel j\u00f5uallikaks igal teisel uuel autol.<\/p>\n<p class=\"font-claude-response-body break-words whitespace-normal leading-[1.7]\">Uukkivi s\u00f5nul on kasutatud autode turul aga pilt teistsugune. 2025. aastal oli tema hinnangul Euroopas iga neljas m\u00fc\u00fcdud kasutatud auto diiselmootoriga. Ka Eesti numbrid kinnitavad seda: t\u00e4navu veebruaris imporditi Eestisse 1099 kasutatud s\u00f5iduautot, millest ligi 45 protsenti olid diiselmootoriga.<\/p>\n<p class=\"font-claude-response-body break-words whitespace-normal leading-[1.7]\">Kuna mitmed L\u00e4\u00e4ne-Euroopa linnad on seadnud piiranguid suurema saastega s\u00f5idukitele, on vanemad diiselautod liikunud suuremas mahus Ida-Euroopa turgudele. Uukkivi s\u00f5nul eelistavad Eesti ostjad siiski kuni viie aasta vanuseid, t\u00e4nap\u00e4evastele heitmenormidele vastavaid s\u00f5idukeid.<\/p>\n<p class=\"font-claude-response-body break-words whitespace-normal leading-[1.7]\">\u201eAutoostjaid paelub diiselmootoriga s\u00f5idukite puhul endiselt madal k\u00fctusekulu. Maantees\u00f5idul ei suuda h\u00fcbriid k\u00fctusekulu poolest diiselmootoriga autole konkurentsi pakkuda,\u201c m\u00e4rkis ta.<\/p>\n<p class=\"font-claude-response-body break-words whitespace-normal leading-[1.7]\">Uukkivi hinnangul ei m\u00f5juta ka Iraani s\u00f5jast tingitud diiselk\u00fctuse hinnat\u00f5us j\u00e4relturgu m\u00e4rkimisv\u00e4\u00e4rselt. Tema s\u00f5nul on ainus l\u00e4hiaastatel j\u00e4relturgu m\u00f5jutav tegur v\u00e4henev autovalik, kuna tootjad on diiselmootorite pakkumist v\u00e4hendanud v\u00f5i nende tootmise sootuks l\u00f5petanud.<\/p>\n<p class=\"font-claude-response-body break-words whitespace-normal leading-[1.7]\">Valiku v\u00e4henemise taga on ranged emissioonistandardid, mille t\u00e4itmine on diiselmootorite puhul muutunud j\u00e4rjest kulukamaks. Tootmist k\u00e4rbiti ka Euroopa Liidu otsuse t\u00f5ttu l\u00f5petada sisep\u00f5lemismootoriga uute s\u00f5idukite m\u00fc\u00fck alates 2035. aastast.<\/p>\n<p class=\"font-claude-response-body break-words whitespace-normal leading-[1.7]\">Valiku v\u00e4henemise taga on ranged emissioonistandardid, mille t\u00e4itmine on diiselmootorite puhul muutunud j\u00e4rjest kulukamaks. Tootmist k\u00e4rbiti ka Euroopa Liidu otsuse t\u00f5ttu l\u00f5petada sisep\u00f5lemismootoriga uute s\u00f5idukite m\u00fc\u00fck alates 2035. aastast.<\/p>\n<p class=\"font-claude-response-body break-words whitespace-normal leading-[1.7]\">Samas on m\u00e4rke kursimuutusest. Maailma suuruselt neljas autotootja Stellantis t\u00f5i eelmise aasta l\u00f5pus Euroopa turule tagasi diiselmootoriga Opel Astra, Peugeot 308 ja Citro\u00ebn Berlingo.<\/p>\n<p class=\"font-claude-response-body break-words whitespace-normal leading-[1.7]\">Longo Group on ettev\u00f5tte v\u00e4itel suurim kasutatud autode m\u00fc\u00fcgiettev\u00f5te Balti riikides.<\/p>\n<p>Kuidas see lugu Sind end tundma pani? Saada <a href=\"https:\/\/arileht.delfi.ee\/a\/120485035\/kasutatud-autode-muuja-diiselmootoriga-auto-pusib-elujouline-veel-kumme-aastat\/kommentaarid\" class=\"article-body-bottom__comment article-body-bottom__comment--write button button--primary button--size-auto\" rel=\"nofollow noopener\" target=\"_blank\"> Kommenteeri <\/a><a href=\"https:\/\/arileht.delfi.ee\/a\/120485035\/kasutatud-autode-muuja-diiselmootoriga-auto-pusib-elujouline-veel-kumme-aastat\/kommentaarid\" class=\"article-body-bottom__comment article-body-bottom__comment--read button button--size-auto\" rel=\"nofollow noopener\" target=\"_blank\"> Loe kommentaare <\/a><\/p>\n","protected":false},"excerpt":{"rendered":"Euroopa Autotootjate Assotsiatsiooni andmetel moodustasid uued diiselmootoriga autod 2025. aastal k\u00f5igest 8,9 protsenti Euroopa Liidus m\u00fc\u00fcdud uutest s\u00f5idukitest.&hellip;\n","protected":false},"author":2,"featured_media":138565,"comment_status":"","ping_status":"","sticky":false,"template":"","format":"standard","meta":{"footnotes":"","_share_on_mastodon":"0"},"categories":[14],"tags":[131,130,52428,37,33,35,34,36,62863],"class_list":["post-138564","post","type-post","status-publish","format-standard","has-post-thumbnail","category-ari","tag-ari","tag-business","tag-diiselmootor","tag-ee","tag-eesti","tag-eesti-keel","tag-estonia","tag-estonian","tag-rainer-uukkivi"],"share_on_mastodon":{"url":"https:\/\/pubeurope.com\/@ee\/116294623140057480","error":""},"_links":{"self":[{"href":"https:\/\/www.europesays.com\/ee\/wp-json\/wp\/v2\/posts\/138564","targetHints":{"allow":["GET"]}}],"collection":[{"href":"https:\/\/www.europesays.com\/ee\/wp-json\/wp\/v2\/posts"}],"about":[{"href":"https:\/\/www.europesays.com\/ee\/wp-json\/wp\/v2\/types\/post"}],"author":[{"embeddable":true,"href":"https:\/\/www.europesays.com\/ee\/wp-json\/wp\/v2\/users\/2"}],"replies":[{"embeddable":true,"href":"https:\/\/www.europesays.com\/ee\/wp-json\/wp\/v2\/comments?post=138564"}],"version-history":[{"count":0,"href":"https:\/\/www.europesays.com\/ee\/wp-json\/wp\/v2\/posts\/138564\/revisions"}],"wp:featuredmedia":[{"embeddable":true,"href":"https:\/\/www.europesays.com\/ee\/wp-json\/wp\/v2\/media\/138565"}],"wp:attachment":[{"href":"https:\/\/www.europesays.com\/ee\/wp-json\/wp\/v2\/media?parent=138564"}],"wp:term":[{"taxonomy":"category","embeddable":true,"href":"https:\/\/www.europesays.com\/ee\/wp-json\/wp\/v2\/categories?post=138564"},{"taxonomy":"post_tag","embeddable":true,"href":"https:\/\/www.europesays.com\/ee\/wp-json\/wp\/v2\/tags?post=138564"}],"curies":[{"name":"wp","href":"https:\/\/api.w.org\/{rel}","templated":true}]}}