{"id":138649,"date":"2026-03-26T11:16:28","date_gmt":"2026-03-26T11:16:28","guid":{"rendered":"https:\/\/www.europesays.com\/ee\/138649\/"},"modified":"2026-03-26T11:16:28","modified_gmt":"2026-03-26T11:16:28","slug":"kopenhaagenist-iv-face-viimane-paev-keskendus-koostoo-tugevdamisele","status":"publish","type":"post","link":"https:\/\/www.europesays.com\/ee\/138649\/","title":{"rendered":"Kopenhaagenist IV: FACE viimane p\u00e4ev keskendus koost\u00f6\u00f6 tugevdamisele"},"content":{"rendered":"<p>            <a href=\"https:\/\/www.europesays.com\/ee\/wp-content\/uploads\/2026\/03\/face-kopenhaagen-26.jpg\" data-caption=\"Fotod: Marko Vinni\/EJS\"><img loading=\"lazy\" decoding=\"async\" width=\"2000\" height=\"1500\" class=\"entry-thumb td-modal-image\" src=\"https:\/\/www.europesays.com\/ee\/wp-content\/uploads\/2026\/03\/face-kopenhaagen-26.jpg\"   alt=\"\" title=\"face kopenhaagen 26\"\/><\/a>Fotod: Marko Vinni\/EJS<\/p>\n<p>FACE liikmete koosoleku kolmas ehk viimane p\u00e4ev keskendus v\u00f5rgustiku koost\u00f6\u00f6 tugevdamisele ja j\u00e4rgmise FACE strateegia v\u00e4ljat\u00f6\u00f6tamise teavitamisele. <\/p>\n<p>Koosolekul anti \u00fclevaade P\u00f5hjamaade jahindusest. Tutvustati l\u00e4hemalt Islandi, Taani, Norra, Rootsi ja Soome jahindust.<\/p>\n<p>P\u00e4eva p\u00f5hifookuses oli FACE olulisuse suurendamine liikmesriikide jaoks ja selleks viidi l\u00e4bi gruppide vahelised sessioonid, kus arutati omavahel l\u00e4bi j\u00e4rgmised teemad:<\/p>\n<ul>\n<li>1. t\u00f6\u00f6tuba \u2013 eestkoste tugevdamine.<\/li>\n<\/ul>\n<p>Liikmete ja FACE\u00b4i failidega t\u00f6\u00f6tamise parandamine riiklikul ja Br\u00fcsseli tasandil.<\/p>\n<ul>\n<li>2. t\u00f6\u00f6tuba \u2013 FACE piirkondade tugevdamine.<\/li>\n<\/ul>\n<p>Roll, ootused ja v\u00f5imalused FACE\u00b4ile ja piirkondliku koost\u00f6\u00f6 t\u00f5hustamine.<\/p>\n<ul>\n<li>3. t\u00f6\u00f6tuba \u2013 FACE liikmete koordineerimise tugevdamine.<\/li>\n<\/ul>\n<p>Arutelu praktiliste v\u00f5imaluste ja soovituste \u00fcle koost\u00f6\u00f6 parandamiseks FACE\u00b4i v\u00f5rgustikus.<\/p>\n<p>T\u00f6\u00f6toad olid praktilised ja arutelu konstruktiivne. FACE j\u00e4tkab t\u00f6\u00f6d liikmesriikidega koost\u00f6\u00f6 tugevdamiseks ning jahinduse arendamiseks Euroopa tasandil.<\/p>\n","protected":false},"excerpt":{"rendered":"Fotod: Marko Vinni\/EJS FACE liikmete koosoleku kolmas ehk viimane p\u00e4ev keskendus v\u00f5rgustiku koost\u00f6\u00f6 tugevdamisele ja j\u00e4rgmise FACE strateegia&hellip;\n","protected":false},"author":2,"featured_media":138650,"comment_status":"","ping_status":"","sticky":false,"template":"","format":"standard","meta":{"footnotes":"","_share_on_mastodon":"0"},"categories":[80],"tags":[26,27,37,33,35,2831,34,36,6801,31,32,21,2554,28,29,95,19,25,264,23,24,22,20,30,92,93,94],"class_list":["post-138649","post","type-post","status-publish","format-standard","has-post-thumbnail","category-maailm","tag-breaking-news","tag-breakingnews","tag-ee","tag-eesti","tag-eesti-keel","tag-ejs","tag-estonia","tag-estonian","tag-face","tag-featured-news","tag-featurednews","tag-headlines","tag-kopenhaagen","tag-latest-news","tag-latestnews","tag-maailm","tag-news","tag-populaarseimad-lood","tag-taani","tag-top-stories","tag-topstories","tag-uldised-uudised","tag-uudised","tag-viimased-uudised","tag-world","tag-world-news","tag-worldnews"],"share_on_mastodon":{"url":"https:\/\/pubeurope.com\/@ee\/116295197204804138","error":""},"_links":{"self":[{"href":"https:\/\/www.europesays.com\/ee\/wp-json\/wp\/v2\/posts\/138649","targetHints":{"allow":["GET"]}}],"collection":[{"href":"https:\/\/www.europesays.com\/ee\/wp-json\/wp\/v2\/posts"}],"about":[{"href":"https:\/\/www.europesays.com\/ee\/wp-json\/wp\/v2\/types\/post"}],"author":[{"embeddable":true,"href":"https:\/\/www.europesays.com\/ee\/wp-json\/wp\/v2\/users\/2"}],"replies":[{"embeddable":true,"href":"https:\/\/www.europesays.com\/ee\/wp-json\/wp\/v2\/comments?post=138649"}],"version-history":[{"count":0,"href":"https:\/\/www.europesays.com\/ee\/wp-json\/wp\/v2\/posts\/138649\/revisions"}],"wp:featuredmedia":[{"embeddable":true,"href":"https:\/\/www.europesays.com\/ee\/wp-json\/wp\/v2\/media\/138650"}],"wp:attachment":[{"href":"https:\/\/www.europesays.com\/ee\/wp-json\/wp\/v2\/media?parent=138649"}],"wp:term":[{"taxonomy":"category","embeddable":true,"href":"https:\/\/www.europesays.com\/ee\/wp-json\/wp\/v2\/categories?post=138649"},{"taxonomy":"post_tag","embeddable":true,"href":"https:\/\/www.europesays.com\/ee\/wp-json\/wp\/v2\/tags?post=138649"}],"curies":[{"name":"wp","href":"https:\/\/api.w.org\/{rel}","templated":true}]}}