{"id":138760,"date":"2026-03-26T13:59:06","date_gmt":"2026-03-26T13:59:06","guid":{"rendered":"https:\/\/www.europesays.com\/ee\/138760\/"},"modified":"2026-03-26T13:59:06","modified_gmt":"2026-03-26T13:59:06","slug":"neitsi-maali-palvis-meel-paliale-mangufilm-pikad-paberid-film","status":"publish","type":"post","link":"https:\/\/www.europesays.com\/ee\/138760\/","title":{"rendered":"Neitsi Maali p\u00e4lvis Meel Paliale m\u00e4ngufilm &#8220;Pikad paberid&#8221; | Film"},"content":{"rendered":"<p>Eesti Filmiajakirjanike \u00dching valis aasta parimaks Eesti filmiks Meel Paliale &#8220;Pikad paberid&#8221;. Aasta filmiajakirjaniku tunnustuse p\u00e4lvis Ralf Sauter ja aasta levifilmiks nimetati &#8220;Brutalist&#8221;.<\/p>\n<p>&#8220;Eesti filmi eelmise aasta m\u00e4rks\u00f5na oli kahtlemata noorus. Erinevate p\u00f5lvkondade noortest r\u00e4\u00e4kisid ja noorte poolt lavastatud on nii Neitsi Maali v\u00f5itnud &#8220;Pikad paberid&#8221; kui ka t\u00f5eliseks hitiks kujunenud &#8220;Fr\u00e4nk&#8221;. V\u00f5itjat tunnustamegi t\u00e4nap\u00e4eva noorte sisemaailma, nende igatsuse ja vabaduseotsingute kujutamise eest \u00fchtaegu intiimsel ja universaalsel viisil,&#8221; \u00fctles Eesti Filmiajakirjanike \u00dchingu juhatuse esimees Andrei Liimets.<\/p>\n<p>Neitsi Maali t\u00e4navused nominendid olid veel T\u00f5nis Pilli &#8220;Fr\u00e4nk&#8221;, Jaan Tootseni &#8220;Kikilipsuga m\u00e4ssaja&#8221;, Heilika Pikkovi ja Liina S\u00e4rkineni &#8220;Minu pere ja muud klounid&#8221; ning Kullar Viimse &#8220;Torn&#8221;.<\/p>\n<p>Aasta filmiajakirjaniku tunnustuse p\u00e4lvis Ralf Sauter viljaka t\u00f6\u00f6 eest Postimehe kultuuritoimetuses ja Retro FM-i igan\u00e4dalases filmisaates &#8220;Kinov\u00e4rgiga mandariin&#8221;.<\/p>\n<p>Aasta levifilmiks valiti Brady Corbeti draama &#8220;Brutalist&#8221;, mille levitajaks on Hea Film. Mullu ka parima filmi Oscari p\u00e4lvinud linalugu tunnustati vana ja uue maailma v\u00e4\u00e4rtuste brutaalse kokkup\u00f5rke inimlikult puudutava ja kunstiliselt m\u00f5jusa kujutamise eest.<\/p>\n<p>Teisele kohale j\u00e4i levifilmide seas napi vahega Mystslav Chernovi Ukraina s\u00f5jast r\u00e4\u00e4kiv dokumentaal &#8220;2000 meetrit Andrijivkani&#8221; (levitaja Must K\u00e4si), kolmandale kohale tuli \u00e4sjane Oscari-v\u00f5itja &#8220;\u00dcks v\u00f5itlus teise j\u00e4rel&#8221; (ACME) ja neljandal kohal maandus l\u00f5unanaabrite animatsioon &#8220;Vooluga kaasa&#8221; (Hea Film).<\/p>\n<p>T\u00e4ielik nimekiri v\u00f5itjatest:<\/p>\n<p>Aasta film: &#8220;Pikad paberid&#8221; (lavastaja Meel Paliale)<br \/>Aasta filmiajakirjanik: Ralf Sauter<br \/>Aasta levifilm: &#8220;Brutalist&#8221; (levitaja Hea Film)<\/p>\n<p>Aasta levifilmi esik\u00fcmne moodustasid:\u00a0<\/p>\n<p>1. &#8220;Brutalist&#8221; (lavastaja Brady Corbet, levitaja Hea Film)<\/p>\n<p>2. &#8220;2000 meetrit Andrijivkani&#8221; (lavastaja Mystslav Chernov, levitaja Must K\u00e4si)<\/p>\n<p>3. &#8220;\u00dcks v\u00f5itlus teise j\u00e4rel&#8221; (lavastaja Paul Thomas Anderson, levitaja ACME Film)<\/p>\n<p>4. &#8220;Vooluga kaasa&#8221; (lavastaja Gints Zilbalodis, levitaja Hea Film)<\/p>\n<p>5.-6. &#8220;Kui mul vaid jaksu oleks&#8221; (lavastaja Mary Bronstein, levitaja Adastra Cinema)<\/p>\n<p>5.-6. &#8220;P\u00fcha viigipuu seeme&#8221; (lavastaja Mohammad Rasoulof, levitaja KP Distribution)<\/p>\n<p>7. &#8220;Patused&#8221; (lavastaja Ryan Coogler, levitaja ACME Film)<\/p>\n<p>8. &#8220;Lihtsalt \u00fcks \u00f5nnetus&#8221; (lavastaja Jafar Panahi, levitaja KP Distribution)<\/p>\n<p>9. &#8220;Uus laine&#8221; (lavastaja Richard Linklater, levitaja FilmStop)<\/p>\n<p>10. &#8220;Bugonia&#8221; (lavastajad Yorgos Lanthimos, levitaja Hea Film)<\/p>\n","protected":false},"excerpt":{"rendered":"Eesti Filmiajakirjanike \u00dching valis aasta parimaks Eesti filmiks Meel Paliale &#8220;Pikad paberid&#8221;. Aasta filmiajakirjaniku tunnustuse p\u00e4lvis Ralf Sauter&hellip;\n","protected":false},"author":2,"featured_media":138761,"comment_status":"","ping_status":"","sticky":false,"template":"","format":"standard","meta":{"footnotes":"","_share_on_mastodon":"0"},"categories":[16],"tags":[63011,37,33,35,173,34,36,19082,140,63010,63012,19083,3921],"class_list":["post-138760","post","type-post","status-publish","format-standard","has-post-thumbnail","category-meelelahutus","tag-brutalist","tag-ee","tag-eesti","tag-eesti-keel","tag-entertainment","tag-estonia","tag-estonian","tag-meel-paliale","tag-meelelahutus","tag-neitsi-maali","tag-neitsi-maali-2026","tag-pikad-paberid","tag-ralf-sauter"],"share_on_mastodon":{"url":"https:\/\/pubeurope.com\/@ee\/116295838231938783","error":""},"_links":{"self":[{"href":"https:\/\/www.europesays.com\/ee\/wp-json\/wp\/v2\/posts\/138760","targetHints":{"allow":["GET"]}}],"collection":[{"href":"https:\/\/www.europesays.com\/ee\/wp-json\/wp\/v2\/posts"}],"about":[{"href":"https:\/\/www.europesays.com\/ee\/wp-json\/wp\/v2\/types\/post"}],"author":[{"embeddable":true,"href":"https:\/\/www.europesays.com\/ee\/wp-json\/wp\/v2\/users\/2"}],"replies":[{"embeddable":true,"href":"https:\/\/www.europesays.com\/ee\/wp-json\/wp\/v2\/comments?post=138760"}],"version-history":[{"count":0,"href":"https:\/\/www.europesays.com\/ee\/wp-json\/wp\/v2\/posts\/138760\/revisions"}],"wp:featuredmedia":[{"embeddable":true,"href":"https:\/\/www.europesays.com\/ee\/wp-json\/wp\/v2\/media\/138761"}],"wp:attachment":[{"href":"https:\/\/www.europesays.com\/ee\/wp-json\/wp\/v2\/media?parent=138760"}],"wp:term":[{"taxonomy":"category","embeddable":true,"href":"https:\/\/www.europesays.com\/ee\/wp-json\/wp\/v2\/categories?post=138760"},{"taxonomy":"post_tag","embeddable":true,"href":"https:\/\/www.europesays.com\/ee\/wp-json\/wp\/v2\/tags?post=138760"}],"curies":[{"name":"wp","href":"https:\/\/api.w.org\/{rel}","templated":true}]}}